{"id":1001,"date":"2014-09-18T11:55:43","date_gmt":"2014-09-18T10:55:43","guid":{"rendered":"http:\/\/web.morosycristianosdeaspe.es\/?p=1001"},"modified":"2014-10-31T21:03:47","modified_gmt":"2014-10-31T20:03:47","slug":"acto-de-la-concordia-2014","status":"publish","type":"post","link":"https:\/\/web.morosycristianosdeaspe.es\/?p=1001","title":{"rendered":"Acto de \u00abLa Concordia\u00bb 2014"},"content":{"rendered":"<p>El pr\u00f3ximo d\u00eda 30 de Noviembre celebraremos la segunda edici\u00f3n de \u201cLa Concordia\u201d: <em>Rememoraci\u00f3n de la Compraventa de la villa de Aspe por D. Gutierre de C\u00e1rdenas el 27 de Noviembre de 1497.<\/em><\/p>\n<p>La Concejal\u00eda de Cultura tiene previsto ambientar la Plaza Mayor para este acto, realizando un esfuerzo importante para contar con unas mejores infraestructuras, m\u00e1s recursos t\u00e9cnicos y una serie de espect\u00e1culos de acorde con la \u00e9poca que rememora este acto.<\/p>\n<p>As\u00ed mismo, el director del acto (Francisco Bonmat\u00ed) ha preparado para este a\u00f1o un nuevo guion, as\u00ed como una puesta en escena bastante m\u00e1s ambiciosa que la de la edici\u00f3n anterior.<\/p>\n<p>Por ello, animamos a todos los festeros a participar, bien colaborando en la interpretaci\u00f3n de alg\u00fan papel en el acto, bien asistiendo a la representaci\u00f3n tras la \u201centraeta\u201d con la que se inicia esta Fiesta.<\/p>\n<p>Las personas que deseen participar como actores de la representaci\u00f3n, deber\u00e1n acudir a la reuni\u00f3n que tendr\u00e1 lugar el pr\u00f3ximo <strong>lunes 22 de septiembre de 2014, a las 20:30h<\/strong> en el <strong>Sal\u00f3n de Usos M\u00faltiples <\/strong>del Ayuntamiento de Aspe. Hay papeles de todo tipo (largos, cortos, complicados, sencillos, con declamaci\u00f3n, mudos, &#8230;)<\/p>\n<p>En pr\u00f3ximas fechas concretaremos horarios (de la \u201centraeta\u201d, del acto y de la comida posterior para todos los participantes), as\u00ed como lugares e itinerarios.<\/p>\n<p><strong>Desde la Junta Central de la Uni\u00f3n queremos incidir en la importancia de la participaci\u00f3n de los festeros en la consolidaci\u00f3n de este acto, dando continuidad durante todo el a\u00f1o a la Fiesta de Moros y Cristianos.<\/strong><\/p>\n","protected":false},"excerpt":{"rendered":"<p>El pr\u00f3ximo d\u00eda 30 de Noviembre celebraremos la segunda edici\u00f3n de \u201cLa Concordia\u201d: Rememoraci\u00f3n de la Compraventa de la villa de Aspe por D. Gutierre de C\u00e1rdenas el 27 de Noviembre de 1497. La Concejal\u00eda de Cultura tiene previsto ambientar la Plaza Mayor para este acto, realizando un esfuerzo importante para contar con unas mejores [&hellip;]<\/p>\n","protected":false},"author":1,"featured_media":0,"comment_status":"closed","ping_status":"closed","sticky":false,"template":"","format":"standard","meta":{"footnotes":""},"categories":[16],"tags":[],"class_list":["post-1001","post","type-post","status-publish","format-standard","hentry","category-actos-oficiales"],"_links":{"self":[{"href":"https:\/\/web.morosycristianosdeaspe.es\/index.php?rest_route=\/wp\/v2\/posts\/1001","targetHints":{"allow":["GET"]}}],"collection":[{"href":"https:\/\/web.morosycristianosdeaspe.es\/index.php?rest_route=\/wp\/v2\/posts"}],"about":[{"href":"https:\/\/web.morosycristianosdeaspe.es\/index.php?rest_route=\/wp\/v2\/types\/post"}],"author":[{"embeddable":true,"href":"https:\/\/web.morosycristianosdeaspe.es\/index.php?rest_route=\/wp\/v2\/users\/1"}],"replies":[{"embeddable":true,"href":"https:\/\/web.morosycristianosdeaspe.es\/index.php?rest_route=%2Fwp%2Fv2%2Fcomments&post=1001"}],"version-history":[{"count":5,"href":"https:\/\/web.morosycristianosdeaspe.es\/index.php?rest_route=\/wp\/v2\/posts\/1001\/revisions"}],"predecessor-version":[{"id":1006,"href":"https:\/\/web.morosycristianosdeaspe.es\/index.php?rest_route=\/wp\/v2\/posts\/1001\/revisions\/1006"}],"wp:attachment":[{"href":"https:\/\/web.morosycristianosdeaspe.es\/index.php?rest_route=%2Fwp%2Fv2%2Fmedia&parent=1001"}],"wp:term":[{"taxonomy":"category","embeddable":true,"href":"https:\/\/web.morosycristianosdeaspe.es\/index.php?rest_route=%2Fwp%2Fv2%2Fcategories&post=1001"},{"taxonomy":"post_tag","embeddable":true,"href":"https:\/\/web.morosycristianosdeaspe.es\/index.php?rest_route=%2Fwp%2Fv2%2Ftags&post=1001"}],"curies":[{"name":"wp","href":"https:\/\/api.w.org\/{rel}","templated":true}]}}