{"id":1045,"date":"2014-11-22T12:26:48","date_gmt":"2014-11-22T11:26:48","guid":{"rendered":"http:\/\/web.morosycristianosdeaspe.es\/?p=1045"},"modified":"2015-04-28T15:21:27","modified_gmt":"2015-04-28T14:21:27","slug":"programa-acto-de-la-concordia-2014","status":"publish","type":"post","link":"https:\/\/web.morosycristianosdeaspe.es\/?p=1045","title":{"rendered":"Programa Acto de la Concordia 2014"},"content":{"rendered":"<p>En 2013 se representa por primera vez en Aspe La Concordia. Toma de posesi\u00f3n de la villa por el procurador de D. Gutierre de C\u00e1rdenas, D. Juan de Luj\u00e1n. Hechos recopilados por el cronista actual de la villa, Gonzalo Mart\u00ednez y escenificados por Paco Bonmat\u00ed con la interpretaci\u00f3n de la Uni\u00f3n de Moros y Cristianos de Aspe.<\/p>\n<p><img loading=\"lazy\" decoding=\"async\" class=\"alignleft wp-image-1046 size-medium\" src=\"https:\/\/web.morosycristianosdeaspe.es\/wp-content\/uploads\/2014\/11\/IMG-20141120-WA0010-211x300.jpg\" alt=\"Cartel del acto &quot;La Concordia&quot;\" width=\"211\" height=\"300\" srcset=\"https:\/\/web.morosycristianosdeaspe.es\/wp-content\/uploads\/2014\/11\/IMG-20141120-WA0010-211x300.jpg 211w, https:\/\/web.morosycristianosdeaspe.es\/wp-content\/uploads\/2014\/11\/IMG-20141120-WA0010-723x1024.jpg 723w, https:\/\/web.morosycristianosdeaspe.es\/wp-content\/uploads\/2014\/11\/IMG-20141120-WA0010-900x1274.jpg 900w, https:\/\/web.morosycristianosdeaspe.es\/wp-content\/uploads\/2014\/11\/IMG-20141120-WA0010.jpg 904w\" sizes=\"auto, (max-width: 211px) 100vw, 211px\" \/>Este a\u00f1o se retoma la representaci\u00f3n anterior y se crea una , tal vez menos did\u00e1ctica, pero m\u00e1s coral y dram\u00e1tica. Se origina un conflicto (<em>el temor de los moros a la expulsi\u00f3n)<\/em> se ampl\u00edan los personajes, se genera un ambiente festivo y exultante, se incluyen cantautores, bailes y espect\u00e1culo, se centra la representaci\u00f3n en un lugar concreto, m\u00e1s visual<em> escenario)<\/em> se a\u00f1ade una pasarela y se hace que los espectadores sean sujetos activos de dicho espect\u00e1culo.<\/p>\n<p>Esos motivos deben atraer a cuantos m\u00e1s espectadores mejor, a nuestra Plaza Mayor a presenciar los actos que en el a\u00f1o 1497 se produjeron en la misma con la transferencia pol\u00edtica de D. Diego de Figueroa a D. Juan de Lujan y todo ello declamado por el fiel pregonero, Junquet.<\/p>\n<p>Estos actos tendr\u00e1n lugar el pr\u00f3ximo domingo, <strong>30 de noviembre<\/strong> y comenzar\u00e1n a las <strong>12:00 h. <\/strong>con un desfile del pueblo moro y cristiano desde el Asilo \u2026 y a su llegada a la Plaza. \u201cComienza el espect\u00e1culo\u201d.<\/p>\n<p>TE ESPERAMOS.<\/p>\n","protected":false},"excerpt":{"rendered":"<p>En 2013 se representa por primera vez en Aspe La Concordia. Toma de posesi\u00f3n de la villa por el procurador de D. Gutierre de C\u00e1rdenas, D. Juan de Luj\u00e1n. Hechos recopilados por el cronista actual de la villa, Gonzalo Mart\u00ednez y escenificados por Paco Bonmat\u00ed con la interpretaci\u00f3n de la Uni\u00f3n de Moros y Cristianos [&hellip;]<\/p>\n","protected":false},"author":1,"featured_media":0,"comment_status":"closed","ping_status":"closed","sticky":false,"template":"","format":"standard","meta":{"footnotes":""},"categories":[16],"tags":[],"class_list":["post-1045","post","type-post","status-publish","format-standard","hentry","category-actos-oficiales"],"_links":{"self":[{"href":"https:\/\/web.morosycristianosdeaspe.es\/index.php?rest_route=\/wp\/v2\/posts\/1045","targetHints":{"allow":["GET"]}}],"collection":[{"href":"https:\/\/web.morosycristianosdeaspe.es\/index.php?rest_route=\/wp\/v2\/posts"}],"about":[{"href":"https:\/\/web.morosycristianosdeaspe.es\/index.php?rest_route=\/wp\/v2\/types\/post"}],"author":[{"embeddable":true,"href":"https:\/\/web.morosycristianosdeaspe.es\/index.php?rest_route=\/wp\/v2\/users\/1"}],"replies":[{"embeddable":true,"href":"https:\/\/web.morosycristianosdeaspe.es\/index.php?rest_route=%2Fwp%2Fv2%2Fcomments&post=1045"}],"version-history":[{"count":3,"href":"https:\/\/web.morosycristianosdeaspe.es\/index.php?rest_route=\/wp\/v2\/posts\/1045\/revisions"}],"predecessor-version":[{"id":1118,"href":"https:\/\/web.morosycristianosdeaspe.es\/index.php?rest_route=\/wp\/v2\/posts\/1045\/revisions\/1118"}],"wp:attachment":[{"href":"https:\/\/web.morosycristianosdeaspe.es\/index.php?rest_route=%2Fwp%2Fv2%2Fmedia&parent=1045"}],"wp:term":[{"taxonomy":"category","embeddable":true,"href":"https:\/\/web.morosycristianosdeaspe.es\/index.php?rest_route=%2Fwp%2Fv2%2Fcategories&post=1045"},{"taxonomy":"post_tag","embeddable":true,"href":"https:\/\/web.morosycristianosdeaspe.es\/index.php?rest_route=%2Fwp%2Fv2%2Ftags&post=1045"}],"curies":[{"name":"wp","href":"https:\/\/api.w.org\/{rel}","templated":true}]}}