{"id":1055,"date":"2014-12-21T19:57:10","date_gmt":"2014-12-21T18:57:10","guid":{"rendered":"http:\/\/web.morosycristianosdeaspe.es\/?p=1055"},"modified":"2014-12-21T20:00:03","modified_gmt":"2014-12-21T19:00:03","slug":"calendario-festero-2015","status":"publish","type":"post","link":"https:\/\/web.morosycristianosdeaspe.es\/?p=1055","title":{"rendered":"Calendario Festero 2015"},"content":{"rendered":"<p>En la Asamblea General Ordinaria celebrada el pasado d\u00eda 13 de Diciembre, se aprob\u00f3 el calendario festero para el a\u00f1o 2015:<\/p>\n<h3><span style=\"color: #0000ff;\">FEBRERO<\/span><\/h3>\n<ul>\n<li>D\u00edas 21 y 22 &#8211; ASAMBLEA UNDEF<\/li>\n<li>D\u00eda 28 &#8211; MEDIA FIESTA<\/li>\n<\/ul>\n<h3><span style=\"color: #0000ff;\">MARZO<\/span><\/h3>\n<ul>\n<li>D\u00eda 1 &#8211; APERTURA PLAZO CARTEL ANUNCIADOR DE FIESTAS<\/li>\n<\/ul>\n<h3><span style=\"color: #0000ff;\">ABRIL<\/span><\/h3>\n<ul>\n<li>D\u00eda 25 &#8211; COMIDA DE HERMANDAD EN K\u00c1BILA MOROS SULAYM\u00c1N<\/li>\n<\/ul>\n<h3><span style=\"color: #0000ff;\">MAYO<\/span><\/h3>\n<ul>\n<li>D\u00eda 25 &#8211; CIERRE PLAZO CARTEL ANUNCIADOR DE FIESTAS<\/li>\n<li>D\u00eda 29 &#8211; INAUGURACI\u00d3N EXPOSICI\u00d3N DE CARTELES ANUNCIADORES<\/li>\n<li>D\u00eda 30 &#8211; PRESENTACI\u00d3N TEATRO WAGNER: FALLO DEL CARTEL ANUNCIADOR DE FIESTAS 2015, PROCLAMACI\u00d3N DE CARGOS 2015 Y ENTREGA DE PREMIOS MIGUEL IBORRA 2014<\/li>\n<\/ul>\n<h3><span style=\"color: #0000ff;\">JUNIO<\/span><\/h3>\n<ul>\n<li>D\u00edas 6, 13, 20, 27 &#8211; PRESENTACIONES DE COMPARSAS<\/li>\n<\/ul>\n<h3><span style=\"color: #0000ff;\">JULIO<\/span><\/h3>\n<ul>\n<li>D\u00edas 4, 11, 18 y 25 &#8211; PRESENTACIONES DE COMPARSAS<\/li>\n<li>D\u00eda 24 &#8211; PRESENTACI\u00d3N REVISTA ASPIS<\/li>\n<\/ul>\n<h3><span style=\"color: #0000ff;\">AGOSTO<\/span><\/h3>\n<ul>\n<li>D\u00eda 1 &#8211; PRESENTACI\u00d3N AL PUEBLO<\/li>\n<li>D\u00eda 6 &#8211; D\u00cdA FESTERO INFANTIL<\/li>\n<li>D\u00eda 7 &#8211; ENTRADA DE BANDAS Y RETRETA<\/li>\n<li>D\u00eda 8 &#8211; PASACALLE FESTERO,ENTRADA MORA<\/li>\n<li>D\u00eda 9 &#8211; DESFILE INFANTIL, ALARDO,DESFILE ASILO, MISA FESTERA Y EMBAJADA<\/li>\n<li>D\u00eda 10 &#8211; ENTRADA CRISTIANA Y ENTREGA DE BANDERAS<\/li>\n<\/ul>\n<h3><span style=\"color: #0000ff;\">NOVIEMBRE<\/span><\/h3>\n<ul>\n<li>D\u00eda 29 &#8211; REPRESENTACI\u00d3N ACTO DE \u201cLA CONCORDIA\u201d<\/li>\n<\/ul>\n","protected":false},"excerpt":{"rendered":"<p>En la Asamblea General Ordinaria celebrada el pasado d\u00eda 13 de Diciembre, se aprob\u00f3 el calendario festero para el a\u00f1o 2015: FEBRERO D\u00edas 21 y 22 &#8211; ASAMBLEA UNDEF D\u00eda 28 &#8211; MEDIA FIESTA MARZO D\u00eda 1 &#8211; APERTURA PLAZO CARTEL ANUNCIADOR DE FIESTAS ABRIL D\u00eda 25 &#8211; COMIDA DE HERMANDAD EN K\u00c1BILA MOROS SULAYM\u00c1N [&hellip;]<\/p>\n","protected":false},"author":1,"featured_media":0,"comment_status":"closed","ping_status":"closed","sticky":false,"template":"","format":"standard","meta":{"footnotes":""},"categories":[16,3],"tags":[],"class_list":["post-1055","post","type-post","status-publish","format-standard","hentry","category-actos-oficiales","category-noticia-general"],"_links":{"self":[{"href":"https:\/\/web.morosycristianosdeaspe.es\/index.php?rest_route=\/wp\/v2\/posts\/1055","targetHints":{"allow":["GET"]}}],"collection":[{"href":"https:\/\/web.morosycristianosdeaspe.es\/index.php?rest_route=\/wp\/v2\/posts"}],"about":[{"href":"https:\/\/web.morosycristianosdeaspe.es\/index.php?rest_route=\/wp\/v2\/types\/post"}],"author":[{"embeddable":true,"href":"https:\/\/web.morosycristianosdeaspe.es\/index.php?rest_route=\/wp\/v2\/users\/1"}],"replies":[{"embeddable":true,"href":"https:\/\/web.morosycristianosdeaspe.es\/index.php?rest_route=%2Fwp%2Fv2%2Fcomments&post=1055"}],"version-history":[{"count":2,"href":"https:\/\/web.morosycristianosdeaspe.es\/index.php?rest_route=\/wp\/v2\/posts\/1055\/revisions"}],"predecessor-version":[{"id":1057,"href":"https:\/\/web.morosycristianosdeaspe.es\/index.php?rest_route=\/wp\/v2\/posts\/1055\/revisions\/1057"}],"wp:attachment":[{"href":"https:\/\/web.morosycristianosdeaspe.es\/index.php?rest_route=%2Fwp%2Fv2%2Fmedia&parent=1055"}],"wp:term":[{"taxonomy":"category","embeddable":true,"href":"https:\/\/web.morosycristianosdeaspe.es\/index.php?rest_route=%2Fwp%2Fv2%2Fcategories&post=1055"},{"taxonomy":"post_tag","embeddable":true,"href":"https:\/\/web.morosycristianosdeaspe.es\/index.php?rest_route=%2Fwp%2Fv2%2Ftags&post=1055"}],"curies":[{"name":"wp","href":"https:\/\/api.w.org\/{rel}","templated":true}]}}