{"id":1088,"date":"2015-02-12T21:06:49","date_gmt":"2015-02-12T20:06:49","guid":{"rendered":"http:\/\/web.morosycristianosdeaspe.es\/?p=1088"},"modified":"2015-02-12T21:27:21","modified_gmt":"2015-02-12T20:27:21","slug":"media-fiesta-2015","status":"publish","type":"post","link":"https:\/\/web.morosycristianosdeaspe.es\/?p=1088","title":{"rendered":"Media Fiesta 2015"},"content":{"rendered":"<h3><span style=\"color: #0000ff;\">S\u00e1bado 28 de Febrero de 2015. Programa de actos:<\/span><\/h3>\n<p><a href=\"https:\/\/web.morosycristianosdeaspe.es\/wp-content\/uploads\/2015\/02\/Cartel-media-fiesta-2015w.jpg\"><img loading=\"lazy\" decoding=\"async\" class=\"alignright wp-image-1089\" src=\"https:\/\/web.morosycristianosdeaspe.es\/wp-content\/uploads\/2015\/02\/Cartel-media-fiesta-2015w-637x1024.jpg\" alt=\"Cartel Media Fiesta 2015\" width=\"300\" height=\"482\" srcset=\"https:\/\/web.morosycristianosdeaspe.es\/wp-content\/uploads\/2015\/02\/Cartel-media-fiesta-2015w-637x1024.jpg 637w, https:\/\/web.morosycristianosdeaspe.es\/wp-content\/uploads\/2015\/02\/Cartel-media-fiesta-2015w-187x300.jpg 187w, https:\/\/web.morosycristianosdeaspe.es\/wp-content\/uploads\/2015\/02\/Cartel-media-fiesta-2015w.jpg 735w\" sizes=\"auto, (max-width: 300px) 100vw, 300px\" \/><\/a><strong><span style=\"color: #800000;\">ENTRADA DE BANDAS.<\/span><\/strong><\/p>\n<p><strong>Hora:<\/strong> 18:00h (concentraci\u00f3n: 17:45h)<\/p>\n<p><strong>Punto de concentraci\u00f3n:<\/strong> c\/ Doctor Mara\u00f1\u00f3n.<\/p>\n<p><strong>Recorrido:<\/strong> Dr. Mara\u00f1\u00f3n, Parque Dr. Calatayud, c\/ Pedro Galipienso, Avda. Constituci\u00f3n y Plaza Mayor.<\/p>\n<p><strong><span style=\"color: #800000;\">RETRETA.<\/span><\/strong><\/p>\n<p><strong>Hora:<\/strong> 21:00h (concentraci\u00f3n: 20:45h)<\/p>\n<p><strong>Punto de Concentraci\u00f3n:<\/strong> Replaceta c\/Col\u00f3n.<\/p>\n<p><strong>Recorrido:<\/strong> c\/ Col\u00f3n, c\/ Sol, c\/ Santa Faz, Parque Dr. Calatayud, c\/ Pedro Galipienso, Avda. Constituci\u00f3n.<\/p>\n<p><strong><span style=\"color: #800000;\">ORDEN DE COMPARSAS (para ambos actos).<\/span><\/strong><\/p>\n<ul>\n<li>Moros Alcan\u00e1<\/li>\n<li>Moros Sulaym\u00e1n<\/li>\n<li>Moros Fauqu\u00edes<\/li>\n<li>Moros Aljau<\/li>\n<li>Cristianos Duque de Maqueda<\/li>\n<li>Cristianos Estudiantes<\/li>\n<li>Cristianos Contrabandistas de la Sierra Negra<\/li>\n<li>Cristianos Lanceros de Uchel<\/li>\n<\/ul>\n","protected":false},"excerpt":{"rendered":"<p>S\u00e1bado 28 de Febrero de 2015. Programa de actos: ENTRADA DE BANDAS. Hora: 18:00h (concentraci\u00f3n: 17:45h) Punto de concentraci\u00f3n: c\/ Doctor Mara\u00f1\u00f3n. Recorrido: Dr. Mara\u00f1\u00f3n, Parque Dr. Calatayud, c\/ Pedro Galipienso, Avda. Constituci\u00f3n y Plaza Mayor. RETRETA. Hora: 21:00h (concentraci\u00f3n: 20:45h) Punto de Concentraci\u00f3n: Replaceta c\/Col\u00f3n. Recorrido: c\/ Col\u00f3n, c\/ Sol, c\/ Santa Faz, Parque [&hellip;]<\/p>\n","protected":false},"author":1,"featured_media":0,"comment_status":"closed","ping_status":"closed","sticky":false,"template":"","format":"standard","meta":{"footnotes":""},"categories":[16],"tags":[],"class_list":["post-1088","post","type-post","status-publish","format-standard","hentry","category-actos-oficiales"],"_links":{"self":[{"href":"https:\/\/web.morosycristianosdeaspe.es\/index.php?rest_route=\/wp\/v2\/posts\/1088","targetHints":{"allow":["GET"]}}],"collection":[{"href":"https:\/\/web.morosycristianosdeaspe.es\/index.php?rest_route=\/wp\/v2\/posts"}],"about":[{"href":"https:\/\/web.morosycristianosdeaspe.es\/index.php?rest_route=\/wp\/v2\/types\/post"}],"author":[{"embeddable":true,"href":"https:\/\/web.morosycristianosdeaspe.es\/index.php?rest_route=\/wp\/v2\/users\/1"}],"replies":[{"embeddable":true,"href":"https:\/\/web.morosycristianosdeaspe.es\/index.php?rest_route=%2Fwp%2Fv2%2Fcomments&post=1088"}],"version-history":[{"count":8,"href":"https:\/\/web.morosycristianosdeaspe.es\/index.php?rest_route=\/wp\/v2\/posts\/1088\/revisions"}],"predecessor-version":[{"id":1097,"href":"https:\/\/web.morosycristianosdeaspe.es\/index.php?rest_route=\/wp\/v2\/posts\/1088\/revisions\/1097"}],"wp:attachment":[{"href":"https:\/\/web.morosycristianosdeaspe.es\/index.php?rest_route=%2Fwp%2Fv2%2Fmedia&parent=1088"}],"wp:term":[{"taxonomy":"category","embeddable":true,"href":"https:\/\/web.morosycristianosdeaspe.es\/index.php?rest_route=%2Fwp%2Fv2%2Fcategories&post=1088"},{"taxonomy":"post_tag","embeddable":true,"href":"https:\/\/web.morosycristianosdeaspe.es\/index.php?rest_route=%2Fwp%2Fv2%2Ftags&post=1088"}],"curies":[{"name":"wp","href":"https:\/\/api.w.org\/{rel}","templated":true}]}}