{"id":109,"date":"2013-05-29T18:20:16","date_gmt":"2013-05-29T16:20:16","guid":{"rendered":"http:\/\/web.morosycristianosdeaspe.es\/?p=109"},"modified":"2013-06-06T09:28:50","modified_gmt":"2013-06-06T07:28:50","slug":"desplazamiento-a-alcazar-de-san-juan-22-de-junio-de-2013","status":"publish","type":"post","link":"https:\/\/web.morosycristianosdeaspe.es\/?p=109","title":{"rendered":"Desplazamiento a Alc\u00e1zar de San Juan (22 de Junio de 2013)."},"content":{"rendered":"<p>En la Asamblea Anual de la Undef, celebrada en Febrero de este a\u00f1o en Banyeres de Mariola, la Agrupaci\u00f3n Festera de Alc\u00e1zar de San Juan (Ciudad Real) lanz\u00f3 una petici\u00f3n de ayuda para que el resto de socios de la Undef aportasen festeros en los desfiles de este a\u00f1o en dicha poblaci\u00f3n.<\/p>\n<p>La Undef ha contactado con la Uni\u00f3n de Moros y Cristianos Virgen de las Nieves de Aspe para conocer la disponibilidad de festeros que se podr\u00edan trasladar a dicha localidad el 22 de Junio de 2013. La contestaci\u00f3n hay que darla el pr\u00f3ximo viernes (31 de Mayo de 2013).<\/p>\n<p>Las condiciones son:<\/p>\n<ul>\n<li>El desfile ser\u00e1 el s\u00e1bado 22 de junio (coincidiendo con la Presentaci\u00f3n de cargos de la Comparsa Duque de Maqueda).<\/li>\n<li>El Ayuntamiento paga el autob\u00fas. Que saldr\u00e1 el s\u00e1bado por la ma\u00f1ana y regresar\u00e1 el domingo por la tarde.\n<ul>\n<ul>\n<li>\n<address>Bandas de m\u00fasica<\/address>\n<\/li>\n<li>\n<address>Pabell\u00f3n deportivo para dormir<\/address>\n<\/li>\n<li>\n<address>Comida del s\u00e1bado<\/address>\n<\/li>\n<li>\n<address>Cena del s\u00e1bado<\/address>\n<\/li>\n<li>\n<address>Desayuno del domingo.<\/address>\n<\/li>\n<\/ul>\n<\/ul>\n<\/li>\n<li>Corresponde desfilar en el Bando Cristiano.<\/li>\n<li>La Junta Central ha negociado el alquiler del traje cristiano de desfile por\u00a0 50 euros (a pagar por los comparsistas que decidan desplazarse para desfilar).<\/li>\n<li>Al pertenecer al bando cristiano, podr\u00e1n desfilar tambi\u00e9n estudiantes y contrabandistas con su traje oficial, pero en este caso deber\u00e1n de completar fil\u00e1s.<\/li>\n<li>El cupo ser\u00e1 de un m\u00e1ximo de 50 festeros a participar. En caso de que se apunten m\u00e1s, se sortear\u00e1n individualmente las personas que van a asistir.<\/li>\n<\/ul>\n<p>Si est\u00e1is interesados, contactad con vuestra respectiva comparsa para que \u00e9sta informe antes del vienes 31\/5\/2013 a la Uni\u00f3n de la lista de festeros que desean desplazarse.<\/p>\n","protected":false},"excerpt":{"rendered":"<p>En la Asamblea Anual de la Undef, celebrada en Febrero de este a\u00f1o en Banyeres de Mariola, la Agrupaci\u00f3n Festera de Alc\u00e1zar de San Juan (Ciudad Real) lanz\u00f3 una petici\u00f3n de ayuda para que el resto de socios de la Undef aportasen festeros en los desfiles de este a\u00f1o en dicha poblaci\u00f3n. La Undef ha [&hellip;]<\/p>\n","protected":false},"author":1,"featured_media":0,"comment_status":"closed","ping_status":"closed","sticky":false,"template":"","format":"standard","meta":{"footnotes":""},"categories":[3],"tags":[14],"class_list":["post-109","post","type-post","status-publish","format-standard","hentry","category-noticia-general","tag-undef"],"_links":{"self":[{"href":"https:\/\/web.morosycristianosdeaspe.es\/index.php?rest_route=\/wp\/v2\/posts\/109","targetHints":{"allow":["GET"]}}],"collection":[{"href":"https:\/\/web.morosycristianosdeaspe.es\/index.php?rest_route=\/wp\/v2\/posts"}],"about":[{"href":"https:\/\/web.morosycristianosdeaspe.es\/index.php?rest_route=\/wp\/v2\/types\/post"}],"author":[{"embeddable":true,"href":"https:\/\/web.morosycristianosdeaspe.es\/index.php?rest_route=\/wp\/v2\/users\/1"}],"replies":[{"embeddable":true,"href":"https:\/\/web.morosycristianosdeaspe.es\/index.php?rest_route=%2Fwp%2Fv2%2Fcomments&post=109"}],"version-history":[{"count":5,"href":"https:\/\/web.morosycristianosdeaspe.es\/index.php?rest_route=\/wp\/v2\/posts\/109\/revisions"}],"predecessor-version":[{"id":243,"href":"https:\/\/web.morosycristianosdeaspe.es\/index.php?rest_route=\/wp\/v2\/posts\/109\/revisions\/243"}],"wp:attachment":[{"href":"https:\/\/web.morosycristianosdeaspe.es\/index.php?rest_route=%2Fwp%2Fv2%2Fmedia&parent=109"}],"wp:term":[{"taxonomy":"category","embeddable":true,"href":"https:\/\/web.morosycristianosdeaspe.es\/index.php?rest_route=%2Fwp%2Fv2%2Fcategories&post=109"},{"taxonomy":"post_tag","embeddable":true,"href":"https:\/\/web.morosycristianosdeaspe.es\/index.php?rest_route=%2Fwp%2Fv2%2Ftags&post=109"}],"curies":[{"name":"wp","href":"https:\/\/api.w.org\/{rel}","templated":true}]}}