{"id":1106,"date":"2015-04-16T20:49:46","date_gmt":"2015-04-16T19:49:46","guid":{"rendered":"http:\/\/web.morosycristianosdeaspe.es\/?p=1106"},"modified":"2015-04-16T20:50:16","modified_gmt":"2015-04-16T19:50:16","slug":"dia-de-convivencia-festera-2015","status":"publish","type":"post","link":"https:\/\/web.morosycristianosdeaspe.es\/?p=1106","title":{"rendered":"D\u00eda de Convivencia Festera 2015"},"content":{"rendered":"<div class=\"entry-content\">\n<p>El pr\u00f3ximo s\u00e1bado 25 de Abril, en la k\u00e1bila de Moros Sulaym\u00e1n, celebraremos como todos los a\u00f1os la Comida de Convivencia Festera.<\/p>\n<p>La Junta Central ha dado como plazo m\u00e1ximo a las comparsas el 22 de Abril para que indique el n\u00famero de asistentes (adultos y menores). Se presupone que las comparsas necesitar\u00e1n saberlo con algo m\u00e1s de antelaci\u00f3n.<\/p>\n<p>Como viene siendo habitual, cada comparsa deber\u00e1 aportar 2\u20ac por cada comparsista asistente mayor de 16 a\u00f1os. La cantidad recaudada se donar\u00e1 a la Plataforma Contra el Hambre de Aspe.<\/p>\n<\/div>\n","protected":false},"excerpt":{"rendered":"<p>El pr\u00f3ximo s\u00e1bado 25 de Abril, en la k\u00e1bila de Moros Sulaym\u00e1n, celebraremos como todos los a\u00f1os la Comida de Convivencia Festera. La Junta Central ha dado como plazo m\u00e1ximo a las comparsas el 22 de Abril para que indique el n\u00famero de asistentes (adultos y menores). Se presupone que las comparsas necesitar\u00e1n saberlo con [&hellip;]<\/p>\n","protected":false},"author":1,"featured_media":0,"comment_status":"closed","ping_status":"closed","sticky":false,"template":"","format":"standard","meta":{"footnotes":""},"categories":[16],"tags":[],"class_list":["post-1106","post","type-post","status-publish","format-standard","hentry","category-actos-oficiales"],"_links":{"self":[{"href":"https:\/\/web.morosycristianosdeaspe.es\/index.php?rest_route=\/wp\/v2\/posts\/1106","targetHints":{"allow":["GET"]}}],"collection":[{"href":"https:\/\/web.morosycristianosdeaspe.es\/index.php?rest_route=\/wp\/v2\/posts"}],"about":[{"href":"https:\/\/web.morosycristianosdeaspe.es\/index.php?rest_route=\/wp\/v2\/types\/post"}],"author":[{"embeddable":true,"href":"https:\/\/web.morosycristianosdeaspe.es\/index.php?rest_route=\/wp\/v2\/users\/1"}],"replies":[{"embeddable":true,"href":"https:\/\/web.morosycristianosdeaspe.es\/index.php?rest_route=%2Fwp%2Fv2%2Fcomments&post=1106"}],"version-history":[{"count":2,"href":"https:\/\/web.morosycristianosdeaspe.es\/index.php?rest_route=\/wp\/v2\/posts\/1106\/revisions"}],"predecessor-version":[{"id":1108,"href":"https:\/\/web.morosycristianosdeaspe.es\/index.php?rest_route=\/wp\/v2\/posts\/1106\/revisions\/1108"}],"wp:attachment":[{"href":"https:\/\/web.morosycristianosdeaspe.es\/index.php?rest_route=%2Fwp%2Fv2%2Fmedia&parent=1106"}],"wp:term":[{"taxonomy":"category","embeddable":true,"href":"https:\/\/web.morosycristianosdeaspe.es\/index.php?rest_route=%2Fwp%2Fv2%2Fcategories&post=1106"},{"taxonomy":"post_tag","embeddable":true,"href":"https:\/\/web.morosycristianosdeaspe.es\/index.php?rest_route=%2Fwp%2Fv2%2Ftags&post=1106"}],"curies":[{"name":"wp","href":"https:\/\/api.w.org\/{rel}","templated":true}]}}