{"id":1124,"date":"2015-05-12T23:37:21","date_gmt":"2015-05-12T22:37:21","guid":{"rendered":"http:\/\/web.morosycristianosdeaspe.es\/?p=1124"},"modified":"2015-05-12T23:37:21","modified_gmt":"2015-05-12T22:37:21","slug":"puesta-de-bandera-fauqueda-2","status":"publish","type":"post","link":"https:\/\/web.morosycristianosdeaspe.es\/?p=1124","title":{"rendered":"Puesta de bandera Fauqueda"},"content":{"rendered":"<div>\n<p align=\"JUSTIFY\"><span style=\"font-family: Calibri,sans-serif;\"><span style=\"font-size: medium;\"><b>S\u00c1BADO 23 DE MAYO: PUESTA DE BANDERA FAUQUEDA (EN FAUQU\u00cdES)<\/b><\/span><\/span><\/p>\n<p align=\"JUSTIFY\"><span style=\"font-family: Times New Roman,serif;\"><span style=\"font-size: medium;\"><span style=\"font-family: Calibri,sans-serif;\"><i><b>A las 9h 30&#8242;:<\/b><\/i><\/span><span style=\"font-family: Calibri,sans-serif;\"> Jornada deportiva en el Polideportivo de Aspe: Partido de f\u00fatbol-sala entre Fauqu\u00edes y Maqueda.<\/span><\/span><\/span><\/p>\n<p align=\"JUSTIFY\"><span style=\"font-family: Times New Roman,serif;\"><span style=\"font-size: medium;\"><span style=\"font-family: Calibri,sans-serif;\"><i><b>A las 13h 30\u2019:<\/b><\/i><\/span><span style=\"font-family: Calibri,sans-serif;\"> Apertura de la K\u00e1bila. <\/span><\/span><\/span><\/p>\n<p align=\"JUSTIFY\"><span style=\"font-family: Times New Roman,serif;\"><span style=\"font-size: medium;\"><span style=\"font-family: Calibri,sans-serif;\"><i><b>A las 14h 30\u2019:<\/b><\/i><\/span><b> <\/b><span style=\"font-family: Calibri,sans-serif;\">Comida: Gazpachos.*<\/span><\/span><\/span><\/p>\n<p align=\"JUSTIFY\"><span style=\"font-family: Times New Roman,serif;\"><span style=\"font-size: medium;\"><span style=\"font-family: Calibri,sans-serif;\"><i><b>A las 18h:<\/b><\/i><\/span><span style=\"font-family: Calibri,sans-serif;\"> Puesta de Bandera.<\/span><\/span><\/span><\/p>\n<p align=\"JUSTIFY\"><span style=\"font-family: Times New Roman,serif;\"><span style=\"font-size: medium;\"><span style=\"font-family: Calibri,sans-serif;\"><i><b>A las 18h 30\u2019:<\/b><\/i><\/span><span style=\"font-family: Calibri,sans-serif;\"> Fiesta con Dj&#8217;s de varias comparsas.<\/span><\/span><\/span><\/p>\n<p align=\"JUSTIFY\"><span style=\"font-family: Calibri,sans-serif;\"><span style=\"font-size: medium;\">*\u00a0<\/span><\/span>Para los invitados no comparsistas de Fauqu\u00edes o Duque de Maqueda a la comida, se puede obtener bonos de 5 \u20ac de donativo a cualquier miembro de la Junta Directiva de Fauqu\u00edes o Duque de Maqueda. Para una mejor organizaci\u00f3n, avisad con 24 horas de antelaci\u00f3n como m\u00ednimo.<\/p>\n<\/div>\n","protected":false},"excerpt":{"rendered":"<p>S\u00c1BADO 23 DE MAYO: PUESTA DE BANDERA FAUQUEDA (EN FAUQU\u00cdES) A las 9h 30&#8242;: Jornada deportiva en el Polideportivo de Aspe: Partido de f\u00fatbol-sala entre Fauqu\u00edes y Maqueda. A las 13h 30\u2019: Apertura de la K\u00e1bila. A las 14h 30\u2019: Comida: Gazpachos.* A las 18h: Puesta de Bandera. A las 18h 30\u2019: Fiesta con Dj&#8217;s [&hellip;]<\/p>\n","protected":false},"author":1,"featured_media":0,"comment_status":"closed","ping_status":"closed","sticky":false,"template":"","format":"standard","meta":{"footnotes":""},"categories":[1],"tags":[],"class_list":["post-1124","post","type-post","status-publish","format-standard","hentry","category-nocat"],"_links":{"self":[{"href":"https:\/\/web.morosycristianosdeaspe.es\/index.php?rest_route=\/wp\/v2\/posts\/1124","targetHints":{"allow":["GET"]}}],"collection":[{"href":"https:\/\/web.morosycristianosdeaspe.es\/index.php?rest_route=\/wp\/v2\/posts"}],"about":[{"href":"https:\/\/web.morosycristianosdeaspe.es\/index.php?rest_route=\/wp\/v2\/types\/post"}],"author":[{"embeddable":true,"href":"https:\/\/web.morosycristianosdeaspe.es\/index.php?rest_route=\/wp\/v2\/users\/1"}],"replies":[{"embeddable":true,"href":"https:\/\/web.morosycristianosdeaspe.es\/index.php?rest_route=%2Fwp%2Fv2%2Fcomments&post=1124"}],"version-history":[{"count":1,"href":"https:\/\/web.morosycristianosdeaspe.es\/index.php?rest_route=\/wp\/v2\/posts\/1124\/revisions"}],"predecessor-version":[{"id":1125,"href":"https:\/\/web.morosycristianosdeaspe.es\/index.php?rest_route=\/wp\/v2\/posts\/1124\/revisions\/1125"}],"wp:attachment":[{"href":"https:\/\/web.morosycristianosdeaspe.es\/index.php?rest_route=%2Fwp%2Fv2%2Fmedia&parent=1124"}],"wp:term":[{"taxonomy":"category","embeddable":true,"href":"https:\/\/web.morosycristianosdeaspe.es\/index.php?rest_route=%2Fwp%2Fv2%2Fcategories&post=1124"},{"taxonomy":"post_tag","embeddable":true,"href":"https:\/\/web.morosycristianosdeaspe.es\/index.php?rest_route=%2Fwp%2Fv2%2Ftags&post=1124"}],"curies":[{"name":"wp","href":"https:\/\/api.w.org\/{rel}","templated":true}]}}