{"id":1169,"date":"2015-05-22T19:13:13","date_gmt":"2015-05-22T18:13:13","guid":{"rendered":"http:\/\/web.morosycristianosdeaspe.es\/?p=1169"},"modified":"2015-05-22T19:28:43","modified_gmt":"2015-05-22T18:28:43","slug":"actos-de-la-union-de-moros-y-cristianos-de-aspe-en-el-mes-de-mayo","status":"publish","type":"post","link":"https:\/\/web.morosycristianosdeaspe.es\/?p=1169","title":{"rendered":"Actos de la Uni\u00f3n de Moros y Cristianos de Aspe en el mes de Mayo"},"content":{"rendered":"<p>Los actos de la Uni\u00f3n planificados para el mes de Mayo son:<\/p>\n<ul>\n<li>Plazo de <strong>entrega<\/strong> de obras para el <strong>Concurso de cartel Anunciador de Fiestas 2015<\/strong>: 25, 26 y 27 de Mayo de 2015<\/li>\n<li>Inauguraci\u00f3n de la<strong> Exposici\u00f3n de Carteles<\/strong> participantes en el Concurso: 29 de mayo, alas 20:30h en el hall del Teatro Wagner de Aspe. La exposici\u00f3n estar\u00e1 abierta hasta el d\u00eda 7 de Junio de 2015.<\/li>\n<li>Acto de <strong>Fallo del Concurso del Cartel Anunciador de Fiestas 2015, Entrega de la X Edici\u00f3n de Premios Miguel Iborra y Proclamaci\u00f3n de cargos Festeros 2015<\/strong>. S\u00e1bado 30 de mayo de 2015, a las 19:00h en el Teatro Wagner de Aspe.<\/li>\n<\/ul>\n<p>&nbsp;<\/p>\n","protected":false},"excerpt":{"rendered":"<p>Los actos de la Uni\u00f3n planificados para el mes de Mayo son: Plazo de entrega de obras para el Concurso de cartel Anunciador de Fiestas 2015: 25, 26 y 27 de Mayo de 2015 Inauguraci\u00f3n de la Exposici\u00f3n de Carteles participantes en el Concurso: 29 de mayo, alas 20:30h en el hall del Teatro Wagner [&hellip;]<\/p>\n","protected":false},"author":1,"featured_media":0,"comment_status":"closed","ping_status":"closed","sticky":false,"template":"","format":"standard","meta":{"footnotes":""},"categories":[16,17],"tags":[],"class_list":["post-1169","post","type-post","status-publish","format-standard","hentry","category-actos-oficiales","category-concursos-y-premios"],"_links":{"self":[{"href":"https:\/\/web.morosycristianosdeaspe.es\/index.php?rest_route=\/wp\/v2\/posts\/1169","targetHints":{"allow":["GET"]}}],"collection":[{"href":"https:\/\/web.morosycristianosdeaspe.es\/index.php?rest_route=\/wp\/v2\/posts"}],"about":[{"href":"https:\/\/web.morosycristianosdeaspe.es\/index.php?rest_route=\/wp\/v2\/types\/post"}],"author":[{"embeddable":true,"href":"https:\/\/web.morosycristianosdeaspe.es\/index.php?rest_route=\/wp\/v2\/users\/1"}],"replies":[{"embeddable":true,"href":"https:\/\/web.morosycristianosdeaspe.es\/index.php?rest_route=%2Fwp%2Fv2%2Fcomments&post=1169"}],"version-history":[{"count":3,"href":"https:\/\/web.morosycristianosdeaspe.es\/index.php?rest_route=\/wp\/v2\/posts\/1169\/revisions"}],"predecessor-version":[{"id":1172,"href":"https:\/\/web.morosycristianosdeaspe.es\/index.php?rest_route=\/wp\/v2\/posts\/1169\/revisions\/1172"}],"wp:attachment":[{"href":"https:\/\/web.morosycristianosdeaspe.es\/index.php?rest_route=%2Fwp%2Fv2%2Fmedia&parent=1169"}],"wp:term":[{"taxonomy":"category","embeddable":true,"href":"https:\/\/web.morosycristianosdeaspe.es\/index.php?rest_route=%2Fwp%2Fv2%2Fcategories&post=1169"},{"taxonomy":"post_tag","embeddable":true,"href":"https:\/\/web.morosycristianosdeaspe.es\/index.php?rest_route=%2Fwp%2Fv2%2Ftags&post=1169"}],"curies":[{"name":"wp","href":"https:\/\/api.w.org\/{rel}","templated":true}]}}