{"id":1225,"date":"2015-07-17T17:28:19","date_gmt":"2015-07-17T16:28:19","guid":{"rendered":"http:\/\/web.morosycristianosdeaspe.es\/?p=1225"},"modified":"2015-07-17T18:28:55","modified_gmt":"2015-07-17T17:28:55","slug":"pregoneras-de-fiestas-2015","status":"publish","type":"post","link":"https:\/\/web.morosycristianosdeaspe.es\/?p=1225","title":{"rendered":"Pregoneras de Fiestas 2015"},"content":{"rendered":"<p>El pr\u00f3ximo 1 de Agosto, a las 21:30h en la Plaza Mayor, se presentar\u00e1n los <a href=\"https:\/\/web.morosycristianosdeaspe.es\/?p=1223\">cargos festeros 2015.<\/a><\/p>\n<figure id=\"attachment_1268\" aria-describedby=\"caption-attachment-1268\" style=\"width: 260px\" class=\"wp-caption alignright\"><img loading=\"lazy\" decoding=\"async\" class=\"size-medium wp-image-1268\" src=\"https:\/\/web.morosycristianosdeaspe.es\/wp-content\/uploads\/2015\/07\/Blanca-Reina-w-260x300.jpg\" alt=\"Blanca Alcolea Prieto\" width=\"260\" height=\"300\" srcset=\"https:\/\/web.morosycristianosdeaspe.es\/wp-content\/uploads\/2015\/07\/Blanca-Reina-w-260x300.jpg 260w, https:\/\/web.morosycristianosdeaspe.es\/wp-content\/uploads\/2015\/07\/Blanca-Reina-w.jpg 400w\" sizes=\"auto, (max-width: 260px) 100vw, 260px\" \/><figcaption id=\"caption-attachment-1268\" class=\"wp-caption-text\">Blanca Alcolea Prieto<\/figcaption><\/figure>\n<p>Tal y como se realiz\u00f3 el pasado a\u00f1o y, tras la buena acogida que tuvo esta iniciativa, en primer lugar tendr\u00e1 lugar el acto de Presentaci\u00f3n de Cargos Festeros Infantiles 2015. El Preg\u00f3n Infantil correr\u00e1 a cargo de <strong>Blanca Alcolea Prieto<\/strong>, festera de la comparsa Cristianos Contrabandistas de la Sierra Negra.<\/p>\n<figure id=\"attachment_1269\" aria-describedby=\"caption-attachment-1269\" style=\"width: 270px\" class=\"wp-caption alignleft\"><img loading=\"lazy\" decoding=\"async\" class=\"wp-image-1269\" src=\"https:\/\/web.morosycristianosdeaspe.es\/wp-content\/uploads\/2015\/07\/Paquitina-Reina-w-199x300.jpg\" alt=\"Paqui Calatayud Cutillas\" width=\"270\" height=\"408\" srcset=\"https:\/\/web.morosycristianosdeaspe.es\/wp-content\/uploads\/2015\/07\/Paquitina-Reina-w-199x300.jpg 199w, https:\/\/web.morosycristianosdeaspe.es\/wp-content\/uploads\/2015\/07\/Paquitina-Reina-w.jpg 400w\" sizes=\"auto, (max-width: 270px) 100vw, 270px\" \/><figcaption id=\"caption-attachment-1269\" class=\"wp-caption-text\">Paqui Calatayud Cutillas<\/figcaption><\/figure>\n<p>Acto seguido ser\u00e1 <strong>Paqui Calatuyud Cutillas<\/strong>, de la comparsa Cristianos Estudiantes, la encargada de inaugurar las Fiestas de Moros y Cristianos 2015 con su Preg\u00f3n de Fiestas. Paqui es festera desde los inicios de la Fiesta. Primero como mora fauqu\u00ed. Y luego como cristiana estudiante hasta la fecha.<\/p>\n<p>Ambas festeras, amantes de la esencia de la Fiesta y reinas del Bando Cristiano en los a\u00f1os 2013 y 2010 respectivamente.<\/p>\n<p>&nbsp;<\/p>\n","protected":false},"excerpt":{"rendered":"<p>El pr\u00f3ximo 1 de Agosto, a las 21:30h en la Plaza Mayor, se presentar\u00e1n los cargos festeros 2015. Tal y como se realiz\u00f3 el pasado a\u00f1o y, tras la buena acogida que tuvo esta iniciativa, en primer lugar tendr\u00e1 lugar el acto de Presentaci\u00f3n de Cargos Festeros Infantiles 2015. El Preg\u00f3n Infantil correr\u00e1 a cargo [&hellip;]<\/p>\n","protected":false},"author":1,"featured_media":0,"comment_status":"closed","ping_status":"closed","sticky":false,"template":"","format":"standard","meta":{"footnotes":""},"categories":[16,3],"tags":[],"class_list":["post-1225","post","type-post","status-publish","format-standard","hentry","category-actos-oficiales","category-noticia-general"],"_links":{"self":[{"href":"https:\/\/web.morosycristianosdeaspe.es\/index.php?rest_route=\/wp\/v2\/posts\/1225","targetHints":{"allow":["GET"]}}],"collection":[{"href":"https:\/\/web.morosycristianosdeaspe.es\/index.php?rest_route=\/wp\/v2\/posts"}],"about":[{"href":"https:\/\/web.morosycristianosdeaspe.es\/index.php?rest_route=\/wp\/v2\/types\/post"}],"author":[{"embeddable":true,"href":"https:\/\/web.morosycristianosdeaspe.es\/index.php?rest_route=\/wp\/v2\/users\/1"}],"replies":[{"embeddable":true,"href":"https:\/\/web.morosycristianosdeaspe.es\/index.php?rest_route=%2Fwp%2Fv2%2Fcomments&post=1225"}],"version-history":[{"count":6,"href":"https:\/\/web.morosycristianosdeaspe.es\/index.php?rest_route=\/wp\/v2\/posts\/1225\/revisions"}],"predecessor-version":[{"id":1272,"href":"https:\/\/web.morosycristianosdeaspe.es\/index.php?rest_route=\/wp\/v2\/posts\/1225\/revisions\/1272"}],"wp:attachment":[{"href":"https:\/\/web.morosycristianosdeaspe.es\/index.php?rest_route=%2Fwp%2Fv2%2Fmedia&parent=1225"}],"wp:term":[{"taxonomy":"category","embeddable":true,"href":"https:\/\/web.morosycristianosdeaspe.es\/index.php?rest_route=%2Fwp%2Fv2%2Fcategories&post=1225"},{"taxonomy":"post_tag","embeddable":true,"href":"https:\/\/web.morosycristianosdeaspe.es\/index.php?rest_route=%2Fwp%2Fv2%2Ftags&post=1225"}],"curies":[{"name":"wp","href":"https:\/\/api.w.org\/{rel}","templated":true}]}}