{"id":1262,"date":"2015-07-17T14:50:30","date_gmt":"2015-07-17T13:50:30","guid":{"rendered":"http:\/\/web.morosycristianosdeaspe.es\/?p=1262"},"modified":"2015-07-22T10:52:37","modified_gmt":"2015-07-22T09:52:37","slug":"programa-de-actos-fiestas-de-moros-y-cristianos-2015","status":"publish","type":"post","link":"https:\/\/web.morosycristianosdeaspe.es\/?p=1262","title":{"rendered":"Programa de Actos Fiestas de Moros y Cristianos 2015"},"content":{"rendered":"<p><a href=\"https:\/\/web.morosycristianosdeaspe.es\/?page_id=1234\"><img loading=\"lazy\" decoding=\"async\" class=\"alignright size-medium wp-image-1260\" src=\"https:\/\/web.morosycristianosdeaspe.es\/wp-content\/uploads\/2015\/07\/Cartel2015-354-x-496-214x300.jpg\" alt=\"Cartel2015 (354 x 496)\" width=\"214\" height=\"300\" srcset=\"https:\/\/web.morosycristianosdeaspe.es\/wp-content\/uploads\/2015\/07\/Cartel2015-354-x-496-214x300.jpg 214w, https:\/\/web.morosycristianosdeaspe.es\/wp-content\/uploads\/2015\/07\/Cartel2015-354-x-496.jpg 354w\" sizes=\"auto, (max-width: 214px) 100vw, 214px\" \/><\/a>Ya se encuentra disponible en la p\u00e1gina web de la UNI\u00d3N el programa de actos de las Fiestas de Moros y Cristianos 2015.<\/p>\n<p>Adem\u00e1s de estar clasificado por d\u00edas y actos, se puede consultar, como en a\u00f1os anteriores, el orden de las comparsas y fil\u00e1s de los desfiles correspondientes a los d\u00edas 8 y 10 de Agosto.<\/p>\n<p>Pulse en el cartel anunciador para acceder al programa en <a href=\"https:\/\/web.morosycristianosdeaspe.es\/?page_id=1234\">formato web<\/a>.<\/p>\n<p>Pulse <a href=\"https:\/\/web.morosycristianosdeaspe.es\/wp-content\/uploads\/2015\/07\/Programa-2015-Union-MyC-Aspe.pdf\">aqu\u00ed<\/a> para descargar el programa en formato PDF.<\/p>\n<p>As\u00ed mismo, en la <a href=\"http:\/\/www.aspe.es\" target=\"_blank\">web del Ayuntamiento de Aspe<\/a>, se puede consultar el Programa de Actos 2015 correspondiente a las<strong> Fiestas Patronales en Honor a la Virgen de las Nieves<\/strong> (pulse <a href=\"http:\/\/www.aspe.es\/images\/documentos\/fiestas\/mayores\/20150716PROGRAMADEFIESTASPATRONALES2015.pdf\" target=\"_blank\">aqu\u00ed<\/a> para ver el programa en formato PDF).<\/p>\n","protected":false},"excerpt":{"rendered":"<p>Ya se encuentra disponible en la p\u00e1gina web de la UNI\u00d3N el programa de actos de las Fiestas de Moros y Cristianos 2015. Adem\u00e1s de estar clasificado por d\u00edas y actos, se puede consultar, como en a\u00f1os anteriores, el orden de las comparsas y fil\u00e1s de los desfiles correspondientes a los d\u00edas 8 y 10 [&hellip;]<\/p>\n","protected":false},"author":1,"featured_media":0,"comment_status":"closed","ping_status":"closed","sticky":false,"template":"","format":"standard","meta":{"footnotes":""},"categories":[16],"tags":[],"class_list":["post-1262","post","type-post","status-publish","format-standard","hentry","category-actos-oficiales"],"_links":{"self":[{"href":"https:\/\/web.morosycristianosdeaspe.es\/index.php?rest_route=\/wp\/v2\/posts\/1262","targetHints":{"allow":["GET"]}}],"collection":[{"href":"https:\/\/web.morosycristianosdeaspe.es\/index.php?rest_route=\/wp\/v2\/posts"}],"about":[{"href":"https:\/\/web.morosycristianosdeaspe.es\/index.php?rest_route=\/wp\/v2\/types\/post"}],"author":[{"embeddable":true,"href":"https:\/\/web.morosycristianosdeaspe.es\/index.php?rest_route=\/wp\/v2\/users\/1"}],"replies":[{"embeddable":true,"href":"https:\/\/web.morosycristianosdeaspe.es\/index.php?rest_route=%2Fwp%2Fv2%2Fcomments&post=1262"}],"version-history":[{"count":5,"href":"https:\/\/web.morosycristianosdeaspe.es\/index.php?rest_route=\/wp\/v2\/posts\/1262\/revisions"}],"predecessor-version":[{"id":1276,"href":"https:\/\/web.morosycristianosdeaspe.es\/index.php?rest_route=\/wp\/v2\/posts\/1262\/revisions\/1276"}],"wp:attachment":[{"href":"https:\/\/web.morosycristianosdeaspe.es\/index.php?rest_route=%2Fwp%2Fv2%2Fmedia&parent=1262"}],"wp:term":[{"taxonomy":"category","embeddable":true,"href":"https:\/\/web.morosycristianosdeaspe.es\/index.php?rest_route=%2Fwp%2Fv2%2Fcategories&post=1262"},{"taxonomy":"post_tag","embeddable":true,"href":"https:\/\/web.morosycristianosdeaspe.es\/index.php?rest_route=%2Fwp%2Fv2%2Ftags&post=1262"}],"curies":[{"name":"wp","href":"https:\/\/api.w.org\/{rel}","templated":true}]}}