{"id":1302,"date":"2015-11-26T19:38:35","date_gmt":"2015-11-26T18:38:35","guid":{"rendered":"http:\/\/web.morosycristianosdeaspe.es\/?p=1302"},"modified":"2015-11-26T22:16:20","modified_gmt":"2015-11-26T21:16:20","slug":"la-concordia-2015","status":"publish","type":"post","link":"https:\/\/web.morosycristianosdeaspe.es\/?p=1302","title":{"rendered":"La Concordia 2015"},"content":{"rendered":"<p><em>La villa de Aspe fue comprada el a\u00f1o 1497 a los condes de Cocentaina por don Gutierre de C\u00e1rdenas. Al a\u00f1o siguiente viene a hacerse cargo de la misma su procurador don Juan de Luj\u00e1n. Este cambio de posesi\u00f3n se realiza sin sobresaltos entre los habitantes de Aspe (familias moras y cristianas) que rend\u00edan culto a sus respectivas creencias sin interferencias en la iglesia y en la mezquita. Este acto se recrea en nuestro pueblo con el nombre de La Concordia, debido a que no hubo sobresaltos en el cambio de regencia donde se respetaron la mayor\u00eda de los cargos, tanto moros como cristianos.<\/em><\/p>\n<p><em>Los habitantes ya comenzaban a vislumbrar las rencillas entre razas, pero los nuevos se\u00f1ores supieron entrar con talante y ceremonia conciliadora. Se mantuvo no s\u00f3lo los cargos sino costumbres, religi\u00f3n y cultura; pero los habitantes comenzaban a dudar de los nuevos se\u00f1ores feudales que regentaban los cargos pol\u00edticos.<\/em><\/p>\n<p><em>Aqu\u00ed se intenta hacer una representaci\u00f3n lo m\u00e1s aproximada a la realidad, pero con hechos que puedan generar la acci\u00f3n dram\u00e1tica de la misma.<\/em><\/p>\n<p><em>La acci\u00f3n se desarrolla en La Plaza, por ser un lugar de encrucijada entre culturas que han germinado y creado la riqueza de nuestra poblaci\u00f3n.<\/em><\/p>\n<p style=\"text-align: right;\"><em>Paco Bonmat\u00ed<\/em><\/p>\n<h2>Reparto:<\/h2>\n<ul>\n<li><b>Presentadora: <\/b>Marisa Olivares<\/li>\n<li><b>Junquet: <\/b>Antonio Calero<\/li>\n<li><b>Don Diego: <\/b>Antonio Miralles<\/li>\n<li><b>Don Juan de Luj\u00e1n: <\/b>Jos\u00e9 Manuel D\u00edez<\/li>\n<li><b>Alcaide: <\/b>Carlos Aznar<\/li>\n<li><b>Baile: <\/b>Vicente Mira<\/li>\n<li><b>Alcad\u00ed: <\/b>Eduardo S\u00e1nchez<\/li>\n<li><b>Aljamas: <\/b>Pr\u00e1xedes Vives, Valent\u00edn Hurtado, Nieves Pastor y Nieves Mira<\/li>\n<li><b>Vendedor: <\/b>David Mira<\/li>\n<li><b>Vendedora: <\/b>Blanca Alcolea<\/li>\n<li><b>Tuareg 1: <\/b>Paco Bonmat\u00ed<\/li>\n<li><b>Tuareg 2: <\/b>Paco Vives<\/li>\n<li><b>Al\u00ed: <\/b>Santiago Galiana<\/li>\n<li><b>Amed: <\/b>Jos\u00e9 Luis Alcantud<\/li>\n<li><b>Aida de Rollup: <\/b>Mar\u00eda Jos\u00e9 Silvestre<\/li>\n<li><b>Juglares: <\/b>Marisa Cerd\u00e1n y Margarita Cerd\u00e1n<\/li>\n<li><b>Francesc: <\/b>Samuel Gallego<\/li>\n<li><b>Joan: <\/b>Manuel Mira<\/li>\n<li><b>Familia Principal: <\/b>Manuel Mira y Ana G\u00e1lvez<\/li>\n<li><b>Familia Sebasti\u00e1: <\/b>Tom\u00e1s Corrales y Elena Arroyo<\/li>\n<li><b>Famila Garrat: <\/b>Laureano S\u00e1ez y Paquita S\u00e1ez<\/li>\n<li><b>Horqueros: <\/b>Antonio Botella y Rafael Mart\u00ednez<\/li>\n<li><b>Mara Rollup: <\/b>Paquita Garc\u00eda<\/li>\n<li><b>Rollup hijo: <\/b>Lorenzo Molina<\/li>\n<li><b>Madre de Ali: <\/b>Emilia Navarro<\/li>\n<li><b>Alim: <\/b>Carlos G\u00f3mez<\/li>\n<li><b>Guion y Direcci\u00f3n: <\/b>Paco Bonmat\u00ed<\/li>\n<\/ul>\n<h2>Horarios.<\/h2>\n<ul>\n<li>12:00h Concentraci\u00f3n en la fuente de la Calle Castelar.<\/li>\n<li>12:30h Salida desde Calle Castelar.<\/li>\n<li>13:00h Entrada a Plaza Mayor e inicio del acto.<\/li>\n<li>14:30h Comida en la comparsa Moros Aljau.<\/li>\n<\/ul>\n<h2>Orden de \u201centraeta\u201d.<\/h2>\n<ul>\n<li>Charamita y tambor<\/li>\n<li>Bandera de la Uni\u00f3n<\/li>\n<li>Autoridades con reyes y sultanes<\/li>\n<li>Tambores<\/li>\n<li>Moros Sulaym\u00e1n<\/li>\n<li>Moros Fauqu\u00edes<\/li>\n<li>Moros Aljau<\/li>\n<li>Moros Alcan\u00e1<\/li>\n<li>Banda de m\u00fasica<\/li>\n<li>Cristianos Estudiantes<\/li>\n<li>Cristianos Contrabandistas de la Sierra Negra<\/li>\n<li>Cristianos Lanceros de Uchel<\/li>\n<li>Cristianos Duque de Maqueda<\/li>\n<li>Banda de m\u00fasica<\/li>\n<\/ul>\n<p><strong><span style=\"color: #800000;\">Organiza: Uni\u00f3n de Moros y Cristianos Virgen de las Nieves de Aspe.<\/span><\/strong><\/p>\n<p><strong><span style=\"color: #800000;\">Patrocina: Concejal\u00eda de Cultura. Ayuntamiento de Aspe.<\/span><\/strong><\/p>\n","protected":false},"excerpt":{"rendered":"<p>La villa de Aspe fue comprada el a\u00f1o 1497 a los condes de Cocentaina por don Gutierre de C\u00e1rdenas. Al a\u00f1o siguiente viene a hacerse cargo de la misma su procurador don Juan de Luj\u00e1n. Este cambio de posesi\u00f3n se realiza sin sobresaltos entre los habitantes de Aspe (familias moras y cristianas) que rend\u00edan culto [&hellip;]<\/p>\n","protected":false},"author":1,"featured_media":0,"comment_status":"closed","ping_status":"closed","sticky":false,"template":"","format":"standard","meta":{"footnotes":""},"categories":[16],"tags":[],"class_list":["post-1302","post","type-post","status-publish","format-standard","hentry","category-actos-oficiales"],"_links":{"self":[{"href":"https:\/\/web.morosycristianosdeaspe.es\/index.php?rest_route=\/wp\/v2\/posts\/1302","targetHints":{"allow":["GET"]}}],"collection":[{"href":"https:\/\/web.morosycristianosdeaspe.es\/index.php?rest_route=\/wp\/v2\/posts"}],"about":[{"href":"https:\/\/web.morosycristianosdeaspe.es\/index.php?rest_route=\/wp\/v2\/types\/post"}],"author":[{"embeddable":true,"href":"https:\/\/web.morosycristianosdeaspe.es\/index.php?rest_route=\/wp\/v2\/users\/1"}],"replies":[{"embeddable":true,"href":"https:\/\/web.morosycristianosdeaspe.es\/index.php?rest_route=%2Fwp%2Fv2%2Fcomments&post=1302"}],"version-history":[{"count":4,"href":"https:\/\/web.morosycristianosdeaspe.es\/index.php?rest_route=\/wp\/v2\/posts\/1302\/revisions"}],"predecessor-version":[{"id":1306,"href":"https:\/\/web.morosycristianosdeaspe.es\/index.php?rest_route=\/wp\/v2\/posts\/1302\/revisions\/1306"}],"wp:attachment":[{"href":"https:\/\/web.morosycristianosdeaspe.es\/index.php?rest_route=%2Fwp%2Fv2%2Fmedia&parent=1302"}],"wp:term":[{"taxonomy":"category","embeddable":true,"href":"https:\/\/web.morosycristianosdeaspe.es\/index.php?rest_route=%2Fwp%2Fv2%2Fcategories&post=1302"},{"taxonomy":"post_tag","embeddable":true,"href":"https:\/\/web.morosycristianosdeaspe.es\/index.php?rest_route=%2Fwp%2Fv2%2Ftags&post=1302"}],"curies":[{"name":"wp","href":"https:\/\/api.w.org\/{rel}","templated":true}]}}