{"id":1308,"date":"2015-12-09T10:50:59","date_gmt":"2015-12-09T09:50:59","guid":{"rendered":"http:\/\/web.morosycristianosdeaspe.es\/?p=1308"},"modified":"2015-12-10T13:56:09","modified_gmt":"2015-12-10T12:56:09","slug":"asamblea-general-ordinaria-y-extraordinaria","status":"publish","type":"post","link":"https:\/\/web.morosycristianosdeaspe.es\/?p=1308","title":{"rendered":"Asamblea General Ordinaria y Extraordinaria"},"content":{"rendered":"<h1>ASAMBLEA GENERAL ORDINARIA:<\/h1>\n<p><strong>Fecha:<\/strong> 11 de diciembre de 2015<br \/>\n<strong>Hora:<\/strong> 20:00h 1\u00aa convocatoria \/ 20:30h 2\u00aa convocatoria<br \/>\n<strong>Lugar:<\/strong> sede de la C\u00e1mara Agraria (Partidor del Agua) c\/ Castelar, 22<br \/>\n<strong>Orden del d\u00eda:<\/strong><\/p>\n<ol>\n<li>Lectura y aprobaci\u00f3n, si procede, del Acta de la Asamblea Ordinaria del 13 de Diciembre de 2014.<\/li>\n<li>Presentaci\u00f3n de Balance Econ\u00f3mico 2015 y aprobaci\u00f3n si procede.<\/li>\n<li>Presentaci\u00f3n del Presupuesto 2016 y aprobaci\u00f3n si procede.<\/li>\n<li>Presentaci\u00f3n del Calendario Festero 2016.<\/li>\n<li>Informe del Presidente.<\/li>\n<li>Ruegos y Preguntas.<\/li>\n<\/ol>\n<h1>ASAMBLEA GENERAL EXTRAORDINARIA:<\/h1>\n<p><strong>Fecha:<\/strong> 11 de diciembre de 2015<br \/>\n<strong>Hora:<\/strong> Al finalizar la Asamblea General Ordinaria.<br \/>\n<strong>Lugar:<\/strong> sede de la C\u00e1mara Agraria (Partidor del Agua) c\/ Castelar, 22<br \/>\n<strong>Orden del d\u00eda:<\/strong><\/p>\n<p>1.- Votar una propuesta de la comparsa Cristianos Estudiantes con el fin ELIMINAR LA RETRETA DE LA MEDIA FIESTA.<\/p>\n<p><strong>NOTAS:<\/strong><\/p>\n<ul>\n<li>A dicha votaci\u00f3n est\u00e1n convocados todos los festeros en activo de la Uni\u00f3n mayores de 18 a\u00f1os.<\/li>\n<li>La votaci\u00f3n tendr\u00e1 una duraci\u00f3n de 60 minutos.<\/li>\n<li>Sistema de votaci\u00f3n:\n<ul>\n<li>Voto secreto.<\/li>\n<li>Quien desee que se ELIMINE la retreta deber\u00e1 de votar con papeleta SI.<\/li>\n<li>Quien desee que NO se ELIMINE la retreta deber\u00e1 de votar con papeleta NO.<\/li>\n<li>Podr\u00e1 votar con papeleta en BLANCO quien le sea indiferente eliminar la retreta o no.<\/li>\n<li>La votaci\u00f3n se regir\u00e1 por los art\u00edculos 75 y 77.5 del R\u00e9gimen Interno de la Uni\u00f3n.<\/li>\n<\/ul>\n<\/li>\n<li>Delegaci\u00f3n de voto:\n<ul>\n<li>La persona que no pueda asistir a la Asamblea (representado) y quiera delegar el voto en otra persona (representante) deber\u00e1 presentarse en la Sede de La Uni\u00f3n de Moros y Cristianos con su DNI para facilitar los datos de la persona que le representar\u00e1.<\/li>\n<li>El horario para la delegaci\u00f3n de voto ser\u00e1 mi\u00e9rcoles 9 de diciembre y jueves 10 de diciembre de 19:30 a 21:00<\/li>\n<\/ul>\n<\/li>\n<\/ul>\n<p><strong><span style=\"color: #0000ff;\">La Junta Central de la Uni\u00f3n de Moros y Cristianos NO se posiciona sobre ninguna de las dos opciones, permitiendo que el festero decida con plena libertad y acatando (como no puede ser de otra forma) el resultado de la votaci\u00f3n.<\/span><\/strong><\/p>\n","protected":false},"excerpt":{"rendered":"<p>ASAMBLEA GENERAL ORDINARIA: Fecha: 11 de diciembre de 2015 Hora: 20:00h 1\u00aa convocatoria \/ 20:30h 2\u00aa convocatoria Lugar: sede de la C\u00e1mara Agraria (Partidor del Agua) c\/ Castelar, 22 Orden del d\u00eda: Lectura y aprobaci\u00f3n, si procede, del Acta de la Asamblea Ordinaria del 13 de Diciembre de 2014. Presentaci\u00f3n de Balance Econ\u00f3mico 2015 y [&hellip;]<\/p>\n","protected":false},"author":1,"featured_media":0,"comment_status":"closed","ping_status":"closed","sticky":false,"template":"","format":"standard","meta":{"footnotes":""},"categories":[3],"tags":[],"class_list":["post-1308","post","type-post","status-publish","format-standard","hentry","category-noticia-general"],"_links":{"self":[{"href":"https:\/\/web.morosycristianosdeaspe.es\/index.php?rest_route=\/wp\/v2\/posts\/1308","targetHints":{"allow":["GET"]}}],"collection":[{"href":"https:\/\/web.morosycristianosdeaspe.es\/index.php?rest_route=\/wp\/v2\/posts"}],"about":[{"href":"https:\/\/web.morosycristianosdeaspe.es\/index.php?rest_route=\/wp\/v2\/types\/post"}],"author":[{"embeddable":true,"href":"https:\/\/web.morosycristianosdeaspe.es\/index.php?rest_route=\/wp\/v2\/users\/1"}],"replies":[{"embeddable":true,"href":"https:\/\/web.morosycristianosdeaspe.es\/index.php?rest_route=%2Fwp%2Fv2%2Fcomments&post=1308"}],"version-history":[{"count":2,"href":"https:\/\/web.morosycristianosdeaspe.es\/index.php?rest_route=\/wp\/v2\/posts\/1308\/revisions"}],"predecessor-version":[{"id":1310,"href":"https:\/\/web.morosycristianosdeaspe.es\/index.php?rest_route=\/wp\/v2\/posts\/1308\/revisions\/1310"}],"wp:attachment":[{"href":"https:\/\/web.morosycristianosdeaspe.es\/index.php?rest_route=%2Fwp%2Fv2%2Fmedia&parent=1308"}],"wp:term":[{"taxonomy":"category","embeddable":true,"href":"https:\/\/web.morosycristianosdeaspe.es\/index.php?rest_route=%2Fwp%2Fv2%2Fcategories&post=1308"},{"taxonomy":"post_tag","embeddable":true,"href":"https:\/\/web.morosycristianosdeaspe.es\/index.php?rest_route=%2Fwp%2Fv2%2Ftags&post=1308"}],"curies":[{"name":"wp","href":"https:\/\/api.w.org\/{rel}","templated":true}]}}