{"id":1316,"date":"2016-02-17T17:04:29","date_gmt":"2016-02-17T16:04:29","guid":{"rendered":"http:\/\/web.morosycristianosdeaspe.es\/?p=1316"},"modified":"2016-05-23T23:36:16","modified_gmt":"2016-05-23T22:36:16","slug":"fiesta-infantil-desfile-y-embajada","status":"publish","type":"post","link":"https:\/\/web.morosycristianosdeaspe.es\/?p=1316","title":{"rendered":"Fiesta Infantil. Desfile y Embajada"},"content":{"rendered":"<p>La Junta Central de Moros y Cristianos Virgen de las Nieves marc\u00f3 en sus objetivos 2013-2016 promover la participaci\u00f3n infantil en la Fiesta,\u00a0dignificar la figura del cargo festero infantil e impulsar actos en los que los ni\u00f1os se sientan participes de la Fiesta.<\/p>\n<p>En esta l\u00ednea, la Junta Central ha previsto remodelar la programaci\u00f3n de actos de Fiestas de Agosto 2016 para reforzar la ma\u00f1ana del d\u00eda 8 como la <strong>Fiesta Infantil<\/strong>. Para ello, ha planificado para ese d\u00eda los siguientes actos:<\/p>\n<ul>\n<li>11:00h Desfile Infantil.<\/li>\n<li>12:00h Representaci\u00f3n de la Embajada Infantil.<\/li>\n<\/ul>\n<p>El autor de la actual Embajada, <em>D. David Garrido<\/em>, a petici\u00f3n del Presidente de la Junta Central, ha creado una nueva adaptaci\u00f3n de nuestra Embajada para ser representada por ni\u00f1os y ni\u00f1as de <strong>entre 10 y 15 a\u00f1os<\/strong>.<\/p>\n<p>El pasado d\u00eda 26 de enero, los presidentes de comparsas fueron informados de ello y, el d\u00eda 8 de febrero, fue explicado de nuevo a la Junta de Gobierno, instando a las comparsas a que <strong>antes del pr\u00f3ximo 1 de Marzo<\/strong>, informen de l@s comparsistas (entre 10 y 15 a\u00f1os) que desean participar en dicha embajada.<\/p>\n<p>La Junta Directiva de la Uni\u00f3n anima a tod@ fester@ que est\u00e9 interesad@ en interpretar un papel de la Embajada Infantil que lo comunique a su comparsa. La participaci\u00f3n har\u00e1 que este tipo de actos se consoliden, fortaleciendo a la Fiesta en su totalidad.<\/p>\n","protected":false},"excerpt":{"rendered":"<p>La Junta Central de Moros y Cristianos Virgen de las Nieves marc\u00f3 en sus objetivos 2013-2016 promover la participaci\u00f3n infantil en la Fiesta,\u00a0dignificar la figura del cargo festero infantil e impulsar actos en los que los ni\u00f1os se sientan participes de la Fiesta. En esta l\u00ednea, la Junta Central ha previsto remodelar la programaci\u00f3n de [&hellip;]<\/p>\n","protected":false},"author":1,"featured_media":0,"comment_status":"closed","ping_status":"closed","sticky":false,"template":"","format":"standard","meta":{"footnotes":""},"categories":[16],"tags":[],"class_list":["post-1316","post","type-post","status-publish","format-standard","hentry","category-actos-oficiales"],"_links":{"self":[{"href":"https:\/\/web.morosycristianosdeaspe.es\/index.php?rest_route=\/wp\/v2\/posts\/1316","targetHints":{"allow":["GET"]}}],"collection":[{"href":"https:\/\/web.morosycristianosdeaspe.es\/index.php?rest_route=\/wp\/v2\/posts"}],"about":[{"href":"https:\/\/web.morosycristianosdeaspe.es\/index.php?rest_route=\/wp\/v2\/types\/post"}],"author":[{"embeddable":true,"href":"https:\/\/web.morosycristianosdeaspe.es\/index.php?rest_route=\/wp\/v2\/users\/1"}],"replies":[{"embeddable":true,"href":"https:\/\/web.morosycristianosdeaspe.es\/index.php?rest_route=%2Fwp%2Fv2%2Fcomments&post=1316"}],"version-history":[{"count":7,"href":"https:\/\/web.morosycristianosdeaspe.es\/index.php?rest_route=\/wp\/v2\/posts\/1316\/revisions"}],"predecessor-version":[{"id":1448,"href":"https:\/\/web.morosycristianosdeaspe.es\/index.php?rest_route=\/wp\/v2\/posts\/1316\/revisions\/1448"}],"wp:attachment":[{"href":"https:\/\/web.morosycristianosdeaspe.es\/index.php?rest_route=%2Fwp%2Fv2%2Fmedia&parent=1316"}],"wp:term":[{"taxonomy":"category","embeddable":true,"href":"https:\/\/web.morosycristianosdeaspe.es\/index.php?rest_route=%2Fwp%2Fv2%2Fcategories&post=1316"},{"taxonomy":"post_tag","embeddable":true,"href":"https:\/\/web.morosycristianosdeaspe.es\/index.php?rest_route=%2Fwp%2Fv2%2Ftags&post=1316"}],"curies":[{"name":"wp","href":"https:\/\/api.w.org\/{rel}","templated":true}]}}