{"id":1408,"date":"2016-02-06T20:11:40","date_gmt":"2016-02-06T19:11:40","guid":{"rendered":"http:\/\/web.morosycristianosdeaspe.es\/?p=1408"},"modified":"2016-02-06T20:11:40","modified_gmt":"2016-02-06T19:11:40","slug":"pregonera-infantil-de-las-fiestas-de-2016","status":"publish","type":"post","link":"https:\/\/web.morosycristianosdeaspe.es\/?p=1408","title":{"rendered":"Pregonera Infantil de las Fiestas de 2016"},"content":{"rendered":"<p>La Junta Central ha designado a <strong>Julia P\u00e9rez Almod\u00f3var<\/strong> para ser la Pregonera Infantil de las Fiestas de Agos<img loading=\"lazy\" decoding=\"async\" class=\"alignright wp-image-1409 size-medium\" src=\"https:\/\/web.morosycristianosdeaspe.es\/wp-content\/uploads\/2016\/02\/IMG_20160202_190049-300x226.jpg\" alt=\"Julia P\u00e9rez Almod\u00f3var\" width=\"300\" height=\"226\" srcset=\"https:\/\/web.morosycristianosdeaspe.es\/wp-content\/uploads\/2016\/02\/IMG_20160202_190049-300x226.jpg 300w, https:\/\/web.morosycristianosdeaspe.es\/wp-content\/uploads\/2016\/02\/IMG_20160202_190049-768x579.jpg 768w, https:\/\/web.morosycristianosdeaspe.es\/wp-content\/uploads\/2016\/02\/IMG_20160202_190049.jpg 800w\" sizes=\"auto, (max-width: 300px) 100vw, 300px\" \/>to 2016.<\/p>\n<p>Festera de la comparsa Cristianos Lanceros de Uchel desde siempre. El pasado a\u00f1o fue la encargada,\u00a0junto con David Mira, de dirigir\u00a0la Presentaci\u00f3n Infantil de Cargos Festeros al Pueblo.<\/p>\n<p>El pr\u00f3ximo 30 de Julio nos ofrecer\u00e1 su preg\u00f3n\u00a0en la Plaza Mayor.<\/p>\n<p>&nbsp;<\/p>\n","protected":false},"excerpt":{"rendered":"<p>La Junta Central ha designado a Julia P\u00e9rez Almod\u00f3var para ser la Pregonera Infantil de las Fiestas de Agosto 2016. Festera de la comparsa Cristianos Lanceros de Uchel desde siempre. El pasado a\u00f1o fue la encargada,\u00a0junto con David Mira, de dirigir\u00a0la Presentaci\u00f3n Infantil de Cargos Festeros al Pueblo. El pr\u00f3ximo 30 de Julio nos ofrecer\u00e1 [&hellip;]<\/p>\n","protected":false},"author":1,"featured_media":0,"comment_status":"closed","ping_status":"closed","sticky":false,"template":"","format":"standard","meta":{"footnotes":""},"categories":[1],"tags":[],"class_list":["post-1408","post","type-post","status-publish","format-standard","hentry","category-nocat"],"_links":{"self":[{"href":"https:\/\/web.morosycristianosdeaspe.es\/index.php?rest_route=\/wp\/v2\/posts\/1408","targetHints":{"allow":["GET"]}}],"collection":[{"href":"https:\/\/web.morosycristianosdeaspe.es\/index.php?rest_route=\/wp\/v2\/posts"}],"about":[{"href":"https:\/\/web.morosycristianosdeaspe.es\/index.php?rest_route=\/wp\/v2\/types\/post"}],"author":[{"embeddable":true,"href":"https:\/\/web.morosycristianosdeaspe.es\/index.php?rest_route=\/wp\/v2\/users\/1"}],"replies":[{"embeddable":true,"href":"https:\/\/web.morosycristianosdeaspe.es\/index.php?rest_route=%2Fwp%2Fv2%2Fcomments&post=1408"}],"version-history":[{"count":1,"href":"https:\/\/web.morosycristianosdeaspe.es\/index.php?rest_route=\/wp\/v2\/posts\/1408\/revisions"}],"predecessor-version":[{"id":1410,"href":"https:\/\/web.morosycristianosdeaspe.es\/index.php?rest_route=\/wp\/v2\/posts\/1408\/revisions\/1410"}],"wp:attachment":[{"href":"https:\/\/web.morosycristianosdeaspe.es\/index.php?rest_route=%2Fwp%2Fv2%2Fmedia&parent=1408"}],"wp:term":[{"taxonomy":"category","embeddable":true,"href":"https:\/\/web.morosycristianosdeaspe.es\/index.php?rest_route=%2Fwp%2Fv2%2Fcategories&post=1408"},{"taxonomy":"post_tag","embeddable":true,"href":"https:\/\/web.morosycristianosdeaspe.es\/index.php?rest_route=%2Fwp%2Fv2%2Ftags&post=1408"}],"curies":[{"name":"wp","href":"https:\/\/api.w.org\/{rel}","templated":true}]}}