{"id":1424,"date":"2016-02-21T23:26:45","date_gmt":"2016-02-21T22:26:45","guid":{"rendered":"http:\/\/web.morosycristianosdeaspe.es\/?p=1424"},"modified":"2016-02-23T00:09:03","modified_gmt":"2016-02-22T23:09:03","slug":"pregonero-de-fiestas-2016","status":"publish","type":"post","link":"https:\/\/web.morosycristianosdeaspe.es\/?p=1424","title":{"rendered":"Pregonero de Fiestas 2016"},"content":{"rendered":"<p>La Junta Directiva de la Uni\u00f3n acept\u00f3, por su trayectoria festera incuestionable, a la persona propuesta por el Presidente para ser designado Pregonero de Fiestas 2016.<\/p>\n<p>Festero desde siempre. Ha sido presidente de su comparsa, Cristianos Duque de Maqueda, en varias etapas. Ha pertenecido a la Junta Central, siendo en la actualidad vicepresidente. Ostent\u00f3 cargos festeros por convicci\u00f3n (\u00e9l se autodenomina \u00abEl Rey\u00bb). Miembro honorario de UNDEF y embajador de nuestras Fiestas en cualquier foro festero.<\/p>\n<p><strong><span style=\"color: #0000ff;\">Antonio Miralles Boix <\/span><\/strong>es, sin ninguna duda, un pilar b\u00e1sico de las Fiestas de Moros y Cristianos en Aspe.<\/p>\n<p><img loading=\"lazy\" decoding=\"async\" class=\"aligncenter size-full wp-image-1433\" src=\"https:\/\/web.morosycristianosdeaspe.es\/wp-content\/uploads\/2016\/02\/Boix.jpg\" alt=\"Boix\" width=\"483\" height=\"676\" srcset=\"https:\/\/web.morosycristianosdeaspe.es\/wp-content\/uploads\/2016\/02\/Boix.jpg 483w, https:\/\/web.morosycristianosdeaspe.es\/wp-content\/uploads\/2016\/02\/Boix-214x300.jpg 214w\" sizes=\"auto, (max-width: 483px) 100vw, 483px\" \/><\/p>\n","protected":false},"excerpt":{"rendered":"<p>La Junta Directiva de la Uni\u00f3n acept\u00f3, por su trayectoria festera incuestionable, a la persona propuesta por el Presidente para ser designado Pregonero de Fiestas 2016. Festero desde siempre. Ha sido presidente de su comparsa, Cristianos Duque de Maqueda, en varias etapas. Ha pertenecido a la Junta Central, siendo en la actualidad vicepresidente. Ostent\u00f3 cargos [&hellip;]<\/p>\n","protected":false},"author":1,"featured_media":0,"comment_status":"closed","ping_status":"closed","sticky":false,"template":"","format":"standard","meta":{"footnotes":""},"categories":[3],"tags":[],"class_list":["post-1424","post","type-post","status-publish","format-standard","hentry","category-noticia-general"],"_links":{"self":[{"href":"https:\/\/web.morosycristianosdeaspe.es\/index.php?rest_route=\/wp\/v2\/posts\/1424","targetHints":{"allow":["GET"]}}],"collection":[{"href":"https:\/\/web.morosycristianosdeaspe.es\/index.php?rest_route=\/wp\/v2\/posts"}],"about":[{"href":"https:\/\/web.morosycristianosdeaspe.es\/index.php?rest_route=\/wp\/v2\/types\/post"}],"author":[{"embeddable":true,"href":"https:\/\/web.morosycristianosdeaspe.es\/index.php?rest_route=\/wp\/v2\/users\/1"}],"replies":[{"embeddable":true,"href":"https:\/\/web.morosycristianosdeaspe.es\/index.php?rest_route=%2Fwp%2Fv2%2Fcomments&post=1424"}],"version-history":[{"count":5,"href":"https:\/\/web.morosycristianosdeaspe.es\/index.php?rest_route=\/wp\/v2\/posts\/1424\/revisions"}],"predecessor-version":[{"id":1435,"href":"https:\/\/web.morosycristianosdeaspe.es\/index.php?rest_route=\/wp\/v2\/posts\/1424\/revisions\/1435"}],"wp:attachment":[{"href":"https:\/\/web.morosycristianosdeaspe.es\/index.php?rest_route=%2Fwp%2Fv2%2Fmedia&parent=1424"}],"wp:term":[{"taxonomy":"category","embeddable":true,"href":"https:\/\/web.morosycristianosdeaspe.es\/index.php?rest_route=%2Fwp%2Fv2%2Fcategories&post=1424"},{"taxonomy":"post_tag","embeddable":true,"href":"https:\/\/web.morosycristianosdeaspe.es\/index.php?rest_route=%2Fwp%2Fv2%2Ftags&post=1424"}],"curies":[{"name":"wp","href":"https:\/\/api.w.org\/{rel}","templated":true}]}}