{"id":1449,"date":"2016-05-29T17:39:56","date_gmt":"2016-05-29T16:39:56","guid":{"rendered":"http:\/\/web.morosycristianosdeaspe.es\/?p=1449"},"modified":"2016-09-08T13:11:44","modified_gmt":"2016-09-08T12:11:44","slug":"ganadores-del-concurso-de-carteles-2016","status":"publish","type":"post","link":"https:\/\/web.morosycristianosdeaspe.es\/?p=1449","title":{"rendered":"Ganadores del Concurso de Carteles 2016"},"content":{"rendered":"<p>El s\u00e1bado 28 de Mayo se hizo p\u00fablico el fallo del Jurado del <strong>Concurso para la elecci\u00f3n del cartel anunciador de Fiestas 2016<\/strong>.<\/p>\n<h3><span style=\"text-decoration: underline;\"><span style=\"color: #000080; text-decoration: underline;\">GANADOR (Cartel Anunciador de las Fiestas de Agosto 2016):<\/span><\/span><\/h3>\n<p>T\u00edtulo: Som Festa<\/p>\n<p>Autor:\u00a0Juan Diego Ingelmo Benavente<\/p>\n<p>Premio: 600\u20ac<\/p>\n<figure id=\"attachment_1450\" aria-describedby=\"caption-attachment-1450\" style=\"width: 640px\" class=\"wp-caption aligncenter\"><img loading=\"lazy\" decoding=\"async\" class=\"wp-image-1450 size-large\" src=\"https:\/\/web.morosycristianosdeaspe.es\/wp-content\/uploads\/2016\/05\/z12w-731x1024.jpg\" alt=\"Som Festa\" width=\"640\" height=\"897\" srcset=\"https:\/\/web.morosycristianosdeaspe.es\/wp-content\/uploads\/2016\/05\/z12w.jpg 731w, https:\/\/web.morosycristianosdeaspe.es\/wp-content\/uploads\/2016\/05\/z12w-214x300.jpg 214w\" sizes=\"auto, (max-width: 640px) 100vw, 640px\" \/><figcaption id=\"caption-attachment-1450\" class=\"wp-caption-text\">T\u00edtulo: Som Festa<\/figcaption><\/figure>\n<h2><\/h2>\n<h3><span style=\"text-decoration: underline;\"><span style=\"color: #000080; text-decoration: underline;\">ACCESIT (Cartel anunciador de la Media Fiesta 2017):<\/span><\/span><\/h3>\n<p>T\u00edtulo: Miradas Opuestas.<\/p>\n<p>Autores: Nieves Aranda Br\u00fa y Fernando Moncho Sampascual<\/p>\n<p>Premio: 200\u20ac<\/p>\n<figure id=\"attachment_1451\" aria-describedby=\"caption-attachment-1451\" style=\"width: 640px\" class=\"wp-caption aligncenter\"><img loading=\"lazy\" decoding=\"async\" class=\"wp-image-1451 size-large\" src=\"https:\/\/web.morosycristianosdeaspe.es\/wp-content\/uploads\/2016\/05\/z01-Aw-733x1024.jpg\" alt=\"Accesit\" width=\"640\" height=\"894\" srcset=\"https:\/\/web.morosycristianosdeaspe.es\/wp-content\/uploads\/2016\/05\/z01-Aw.jpg 733w, https:\/\/web.morosycristianosdeaspe.es\/wp-content\/uploads\/2016\/05\/z01-Aw-215x300.jpg 215w\" sizes=\"auto, (max-width: 640px) 100vw, 640px\" \/><figcaption id=\"caption-attachment-1451\" class=\"wp-caption-text\">T\u00edtulo: Miradas Opuestas.<\/figcaption><\/figure>\n<h2><\/h2>\n","protected":false},"excerpt":{"rendered":"<p>El s\u00e1bado 28 de Mayo se hizo p\u00fablico el fallo del Jurado del Concurso para la elecci\u00f3n del cartel anunciador de Fiestas 2016. GANADOR (Cartel Anunciador de las Fiestas de Agosto 2016): T\u00edtulo: Som Festa Autor:\u00a0Juan Diego Ingelmo Benavente Premio: 600\u20ac ACCESIT (Cartel anunciador de la Media Fiesta 2017): T\u00edtulo: Miradas Opuestas. Autores: Nieves Aranda [&hellip;]<\/p>\n","protected":false},"author":1,"featured_media":0,"comment_status":"closed","ping_status":"closed","sticky":false,"template":"","format":"standard","meta":{"footnotes":""},"categories":[17],"tags":[],"class_list":["post-1449","post","type-post","status-publish","format-standard","hentry","category-concursos-y-premios"],"_links":{"self":[{"href":"https:\/\/web.morosycristianosdeaspe.es\/index.php?rest_route=\/wp\/v2\/posts\/1449","targetHints":{"allow":["GET"]}}],"collection":[{"href":"https:\/\/web.morosycristianosdeaspe.es\/index.php?rest_route=\/wp\/v2\/posts"}],"about":[{"href":"https:\/\/web.morosycristianosdeaspe.es\/index.php?rest_route=\/wp\/v2\/types\/post"}],"author":[{"embeddable":true,"href":"https:\/\/web.morosycristianosdeaspe.es\/index.php?rest_route=\/wp\/v2\/users\/1"}],"replies":[{"embeddable":true,"href":"https:\/\/web.morosycristianosdeaspe.es\/index.php?rest_route=%2Fwp%2Fv2%2Fcomments&post=1449"}],"version-history":[{"count":2,"href":"https:\/\/web.morosycristianosdeaspe.es\/index.php?rest_route=\/wp\/v2\/posts\/1449\/revisions"}],"predecessor-version":[{"id":1493,"href":"https:\/\/web.morosycristianosdeaspe.es\/index.php?rest_route=\/wp\/v2\/posts\/1449\/revisions\/1493"}],"wp:attachment":[{"href":"https:\/\/web.morosycristianosdeaspe.es\/index.php?rest_route=%2Fwp%2Fv2%2Fmedia&parent=1449"}],"wp:term":[{"taxonomy":"category","embeddable":true,"href":"https:\/\/web.morosycristianosdeaspe.es\/index.php?rest_route=%2Fwp%2Fv2%2Fcategories&post=1449"},{"taxonomy":"post_tag","embeddable":true,"href":"https:\/\/web.morosycristianosdeaspe.es\/index.php?rest_route=%2Fwp%2Fv2%2Ftags&post=1449"}],"curies":[{"name":"wp","href":"https:\/\/api.w.org\/{rel}","templated":true}]}}