{"id":1453,"date":"2016-05-29T18:57:37","date_gmt":"2016-05-29T17:57:37","guid":{"rendered":"http:\/\/web.morosycristianosdeaspe.es\/?p=1453"},"modified":"2016-05-29T19:52:38","modified_gmt":"2016-05-29T18:52:38","slug":"prestacion-embajada-infantil-2016","status":"publish","type":"post","link":"https:\/\/web.morosycristianosdeaspe.es\/?p=1453","title":{"rendered":"Prestaci\u00f3n Embajada Infantil 2016"},"content":{"rendered":"<p>En el Acto de Proclamaci\u00f3n de Cargos Festeros, \u00a0Entrega Premios Miguel Iborra y Fallo de Concurso Cartel Anunciador, celebrado el d\u00eda 28 de Mayo de 2016 en el Teatro Wagner, se hizo oficial a todos los festeros el anuncio de la representaci\u00f3n de la primera Embajada Infantil el d\u00eda 8 de agosto en la Plaza Mayor.<\/p>\n<p>En dicho acto se present\u00f3 al \u00abEquipo Embajada Infantil\u00bb. \u00a0El siguiente v\u00eddeo muestra, aunque con algunas ausencias, una sesi\u00f3n de ensayo de est@s valientes 16 fester@s.<\/p>\n<div style=\"width: 428px;\" class=\"wp-video\"><video class=\"wp-video-shortcode\" id=\"video-1453-1\" width=\"428\" height=\"240\" preload=\"metadata\" controls=\"controls\"><source type=\"video\/mp4\" src=\"https:\/\/web.morosycristianosdeaspe.es\/wp-content\/uploads\/2016\/05\/EI240.mp4?_=1\" \/><a href=\"https:\/\/web.morosycristianosdeaspe.es\/wp-content\/uploads\/2016\/05\/EI240.mp4\">https:\/\/web.morosycristianosdeaspe.es\/wp-content\/uploads\/2016\/05\/EI240.mp4<\/a><\/video><\/div>\n","protected":false},"excerpt":{"rendered":"<p>En el Acto de Proclamaci\u00f3n de Cargos Festeros, \u00a0Entrega Premios Miguel Iborra y Fallo de Concurso Cartel Anunciador, celebrado el d\u00eda 28 de Mayo de 2016 en el Teatro Wagner, se hizo oficial a todos los festeros el anuncio de la representaci\u00f3n de la primera Embajada Infantil el d\u00eda 8 de agosto en la Plaza [&hellip;]<\/p>\n","protected":false},"author":1,"featured_media":0,"comment_status":"closed","ping_status":"closed","sticky":false,"template":"","format":"standard","meta":{"footnotes":""},"categories":[16],"tags":[],"class_list":["post-1453","post","type-post","status-publish","format-standard","hentry","category-actos-oficiales"],"_links":{"self":[{"href":"https:\/\/web.morosycristianosdeaspe.es\/index.php?rest_route=\/wp\/v2\/posts\/1453","targetHints":{"allow":["GET"]}}],"collection":[{"href":"https:\/\/web.morosycristianosdeaspe.es\/index.php?rest_route=\/wp\/v2\/posts"}],"about":[{"href":"https:\/\/web.morosycristianosdeaspe.es\/index.php?rest_route=\/wp\/v2\/types\/post"}],"author":[{"embeddable":true,"href":"https:\/\/web.morosycristianosdeaspe.es\/index.php?rest_route=\/wp\/v2\/users\/1"}],"replies":[{"embeddable":true,"href":"https:\/\/web.morosycristianosdeaspe.es\/index.php?rest_route=%2Fwp%2Fv2%2Fcomments&post=1453"}],"version-history":[{"count":5,"href":"https:\/\/web.morosycristianosdeaspe.es\/index.php?rest_route=\/wp\/v2\/posts\/1453\/revisions"}],"predecessor-version":[{"id":1460,"href":"https:\/\/web.morosycristianosdeaspe.es\/index.php?rest_route=\/wp\/v2\/posts\/1453\/revisions\/1460"}],"wp:attachment":[{"href":"https:\/\/web.morosycristianosdeaspe.es\/index.php?rest_route=%2Fwp%2Fv2%2Fmedia&parent=1453"}],"wp:term":[{"taxonomy":"category","embeddable":true,"href":"https:\/\/web.morosycristianosdeaspe.es\/index.php?rest_route=%2Fwp%2Fv2%2Fcategories&post=1453"},{"taxonomy":"post_tag","embeddable":true,"href":"https:\/\/web.morosycristianosdeaspe.es\/index.php?rest_route=%2Fwp%2Fv2%2Ftags&post=1453"}],"curies":[{"name":"wp","href":"https:\/\/api.w.org\/{rel}","templated":true}]}}