{"id":1599,"date":"2016-07-28T21:05:23","date_gmt":"2016-07-28T20:05:23","guid":{"rendered":"http:\/\/web.morosycristianosdeaspe.es\/?p=1599"},"modified":"2016-09-08T13:11:11","modified_gmt":"2016-09-08T12:11:11","slug":"programa-de-fiestas-2016","status":"publish","type":"post","link":"https:\/\/web.morosycristianosdeaspe.es\/?p=1599","title":{"rendered":"Programa de Fiestas 2016"},"content":{"rendered":"<p>Ya se encuentra disponible en la p\u00e1gina web de la UNI\u00d3N el programa de actos de las Fiestas de Moros y Cristianos 2016.<\/p>\n<p>Adem\u00e1s de estar clasificado por d\u00edas y actos, se puede consultar, como en a\u00f1os anteriores, el orden de las comparsas y fil\u00e1s de los desfiles correspondientes a los d\u00edas 8 y 10 de Agosto.<\/p>\n<p>Puede consultar el programa <a href=\"https:\/\/web.morosycristianosdeaspe.es\/?page_id=1560\" target=\"_blank\">formato web<\/a> o descargarlo en <a href=\"https:\/\/web.morosycristianosdeaspe.es\/wp-content\/uploads\/2016\/07\/MOROS-Y-CRISTIANOS-ASPE-2016.pdf\" target=\"_blank\">PDF<\/a>.<\/p>\n","protected":false},"excerpt":{"rendered":"<p>Ya se encuentra disponible en la p\u00e1gina web de la UNI\u00d3N el programa de actos de las Fiestas de Moros y Cristianos 2016. Adem\u00e1s de estar clasificado por d\u00edas y actos, se puede consultar, como en a\u00f1os anteriores, el orden de las comparsas y fil\u00e1s de los desfiles correspondientes a los d\u00edas 8 y 10 [&hellip;]<\/p>\n","protected":false},"author":1,"featured_media":0,"comment_status":"closed","ping_status":"closed","sticky":false,"template":"","format":"standard","meta":{"footnotes":""},"categories":[16],"tags":[],"class_list":["post-1599","post","type-post","status-publish","format-standard","hentry","category-actos-oficiales"],"_links":{"self":[{"href":"https:\/\/web.morosycristianosdeaspe.es\/index.php?rest_route=\/wp\/v2\/posts\/1599","targetHints":{"allow":["GET"]}}],"collection":[{"href":"https:\/\/web.morosycristianosdeaspe.es\/index.php?rest_route=\/wp\/v2\/posts"}],"about":[{"href":"https:\/\/web.morosycristianosdeaspe.es\/index.php?rest_route=\/wp\/v2\/types\/post"}],"author":[{"embeddable":true,"href":"https:\/\/web.morosycristianosdeaspe.es\/index.php?rest_route=\/wp\/v2\/users\/1"}],"replies":[{"embeddable":true,"href":"https:\/\/web.morosycristianosdeaspe.es\/index.php?rest_route=%2Fwp%2Fv2%2Fcomments&post=1599"}],"version-history":[{"count":4,"href":"https:\/\/web.morosycristianosdeaspe.es\/index.php?rest_route=\/wp\/v2\/posts\/1599\/revisions"}],"predecessor-version":[{"id":1636,"href":"https:\/\/web.morosycristianosdeaspe.es\/index.php?rest_route=\/wp\/v2\/posts\/1599\/revisions\/1636"}],"wp:attachment":[{"href":"https:\/\/web.morosycristianosdeaspe.es\/index.php?rest_route=%2Fwp%2Fv2%2Fmedia&parent=1599"}],"wp:term":[{"taxonomy":"category","embeddable":true,"href":"https:\/\/web.morosycristianosdeaspe.es\/index.php?rest_route=%2Fwp%2Fv2%2Fcategories&post=1599"},{"taxonomy":"post_tag","embeddable":true,"href":"https:\/\/web.morosycristianosdeaspe.es\/index.php?rest_route=%2Fwp%2Fv2%2Ftags&post=1599"}],"curies":[{"name":"wp","href":"https:\/\/api.w.org\/{rel}","templated":true}]}}