{"id":1627,"date":"2016-08-02T19:22:18","date_gmt":"2016-08-02T18:22:18","guid":{"rendered":"http:\/\/web.morosycristianosdeaspe.es\/?p=1627"},"modified":"2016-08-09T10:40:15","modified_gmt":"2016-08-09T09:40:15","slug":"presentacion-de-cargos-festeros-al-pueblo-y-pregon-de-fiestas-de-moros-y-cristianos-2016","status":"publish","type":"post","link":"https:\/\/web.morosycristianosdeaspe.es\/?p=1627","title":{"rendered":"Presentaci\u00f3n de Cargos Festeros al Pueblo y Preg\u00f3n de Fiestas de Moros y Cristianos 2016"},"content":{"rendered":"<p>El pasado s\u00e1bado 31 de julio tuvieron lugar en la Plaza Mayor, en sus modalidades infantil y adulto, los actos de presentaci\u00f3n de cargos festeros al pueblo y preg\u00f3n de Fiestas 2016.<\/p>\n<p><img loading=\"lazy\" decoding=\"async\" class=\"alignleft wp-image-1638 \" src=\"https:\/\/web.morosycristianosdeaspe.es\/wp-content\/uploads\/2016\/08\/pregonera-infantil-2016-200x300.jpg\" alt=\"pregonera-infantil-2016\" width=\"224\" height=\"337\" srcset=\"https:\/\/web.morosycristianosdeaspe.es\/wp-content\/uploads\/2016\/08\/pregonera-infantil-2016-200x300.jpg 200w, https:\/\/web.morosycristianosdeaspe.es\/wp-content\/uploads\/2016\/08\/pregonera-infantil-2016-768x1152.jpg 768w, https:\/\/web.morosycristianosdeaspe.es\/wp-content\/uploads\/2016\/08\/pregonera-infantil-2016-683x1024.jpg 683w, https:\/\/web.morosycristianosdeaspe.es\/wp-content\/uploads\/2016\/08\/pregonera-infantil-2016.jpg 1024w\" sizes=\"auto, (max-width: 224px) 100vw, 224px\" \/>El acto infantil fue presentado por Mar\u00eda Pujalte Erades y Julia Mart\u00ednez Ca\u00f1izares, quienes tras presentar a los cargos festeros infantiles, dieron paso a la pregonera infantil 2016, Julia P\u00e9rez Almod\u00f3var, quien recorri\u00f3 los distintos actos que conforman la Fiesta desde la perspectiva infantil, garantizando la continuidad festera de su generaci\u00f3n.<\/p>\n<p><img loading=\"lazy\" decoding=\"async\" class=\"wp-image-1639 alignright\" src=\"https:\/\/web.morosycristianosdeaspe.es\/wp-content\/uploads\/2016\/08\/cargos-infantiles-300x126.jpg\" alt=\"cargos-infantiles\" width=\"357\" height=\"150\" srcset=\"https:\/\/web.morosycristianosdeaspe.es\/wp-content\/uploads\/2016\/08\/cargos-infantiles-300x126.jpg 300w, https:\/\/web.morosycristianosdeaspe.es\/wp-content\/uploads\/2016\/08\/cargos-infantiles-768x323.jpg 768w, https:\/\/web.morosycristianosdeaspe.es\/wp-content\/uploads\/2016\/08\/cargos-infantiles.jpg 800w\" sizes=\"auto, (max-width: 357px) 100vw, 357px\" \/><\/p>\n<p>&nbsp;<\/p>\n<p>&nbsp;<\/p>\n<p>&nbsp;<\/p>\n<p>&nbsp;<\/p>\n<p><img loading=\"lazy\" decoding=\"async\" class=\" wp-image-1640 alignright\" src=\"https:\/\/web.morosycristianosdeaspe.es\/wp-content\/uploads\/2016\/08\/pregonero-2016-300x200.jpg\" alt=\"pregonero-2016\" width=\"353\" height=\"235\" srcset=\"https:\/\/web.morosycristianosdeaspe.es\/wp-content\/uploads\/2016\/08\/pregonero-2016-300x200.jpg 300w, https:\/\/web.morosycristianosdeaspe.es\/wp-content\/uploads\/2016\/08\/pregonero-2016-768x512.jpg 768w, https:\/\/web.morosycristianosdeaspe.es\/wp-content\/uploads\/2016\/08\/pregonero-2016.jpg 1024w\" sizes=\"auto, (max-width: 353px) 100vw, 353px\" \/>A continuaci\u00f3n, Paola C\u00f3rcoles Bernab\u00e9u y Antonio R\u00f3denas S\u00e1nchez hicieron lo mismo con los cargos festeros adultos. Fue Antonio Miralles Boix quien, con un ejercicio de historia festera, recorri\u00f3 los 39 a\u00f1os de vida de la Fiesta en Aspe.<\/p>\n","protected":false},"excerpt":{"rendered":"<p>El pasado s\u00e1bado 31 de julio tuvieron lugar en la Plaza Mayor, en sus modalidades infantil y adulto, los actos de presentaci\u00f3n de cargos festeros al pueblo y preg\u00f3n de Fiestas 2016. El acto infantil fue presentado por Mar\u00eda Pujalte Erades y Julia Mart\u00ednez Ca\u00f1izares, quienes tras presentar a los cargos festeros infantiles, dieron paso [&hellip;]<\/p>\n","protected":false},"author":1,"featured_media":0,"comment_status":"closed","ping_status":"closed","sticky":false,"template":"","format":"standard","meta":{"footnotes":""},"categories":[16],"tags":[],"class_list":["post-1627","post","type-post","status-publish","format-standard","hentry","category-actos-oficiales"],"_links":{"self":[{"href":"https:\/\/web.morosycristianosdeaspe.es\/index.php?rest_route=\/wp\/v2\/posts\/1627","targetHints":{"allow":["GET"]}}],"collection":[{"href":"https:\/\/web.morosycristianosdeaspe.es\/index.php?rest_route=\/wp\/v2\/posts"}],"about":[{"href":"https:\/\/web.morosycristianosdeaspe.es\/index.php?rest_route=\/wp\/v2\/types\/post"}],"author":[{"embeddable":true,"href":"https:\/\/web.morosycristianosdeaspe.es\/index.php?rest_route=\/wp\/v2\/users\/1"}],"replies":[{"embeddable":true,"href":"https:\/\/web.morosycristianosdeaspe.es\/index.php?rest_route=%2Fwp%2Fv2%2Fcomments&post=1627"}],"version-history":[{"count":5,"href":"https:\/\/web.morosycristianosdeaspe.es\/index.php?rest_route=\/wp\/v2\/posts\/1627\/revisions"}],"predecessor-version":[{"id":1644,"href":"https:\/\/web.morosycristianosdeaspe.es\/index.php?rest_route=\/wp\/v2\/posts\/1627\/revisions\/1644"}],"wp:attachment":[{"href":"https:\/\/web.morosycristianosdeaspe.es\/index.php?rest_route=%2Fwp%2Fv2%2Fmedia&parent=1627"}],"wp:term":[{"taxonomy":"category","embeddable":true,"href":"https:\/\/web.morosycristianosdeaspe.es\/index.php?rest_route=%2Fwp%2Fv2%2Fcategories&post=1627"},{"taxonomy":"post_tag","embeddable":true,"href":"https:\/\/web.morosycristianosdeaspe.es\/index.php?rest_route=%2Fwp%2Fv2%2Ftags&post=1627"}],"curies":[{"name":"wp","href":"https:\/\/api.w.org\/{rel}","templated":true}]}}