{"id":1671,"date":"2016-09-07T12:19:29","date_gmt":"2016-09-07T11:19:29","guid":{"rendered":"http:\/\/web.morosycristianosdeaspe.es\/?p=1671"},"modified":"2016-09-07T12:20:08","modified_gmt":"2016-09-07T11:20:08","slug":"fallecimiento-de-jose-antonio-botella-el-huertas","status":"publish","type":"post","link":"https:\/\/web.morosycristianosdeaspe.es\/?p=1671","title":{"rendered":"Fallecimiento de Jos\u00e9 Antonio Botella \u00abEl Huertas\u00bb"},"content":{"rendered":"<p><img loading=\"lazy\" decoding=\"async\" class=\"alignright wp-image-1674 size-medium\" src=\"https:\/\/web.morosycristianosdeaspe.es\/wp-content\/uploads\/2016\/09\/El-Huertas2-215x300.jpg\" alt=\"El-Huertas\" width=\"215\" height=\"300\" srcset=\"https:\/\/web.morosycristianosdeaspe.es\/wp-content\/uploads\/2016\/09\/El-Huertas2-215x300.jpg 215w, https:\/\/web.morosycristianosdeaspe.es\/wp-content\/uploads\/2016\/09\/El-Huertas2.jpg 718w\" sizes=\"auto, (max-width: 215px) 100vw, 215px\" \/>Esta madrugada del 7 de Septiembre de 2016 ha fallecido D. Jos\u00e9 Antonio Botella Gabald\u00f3n, por todos conocido como \u00abEl Huertas\u00bb.<\/p>\n<p>Persona vinculada a la Fiesta de Moros y Cristianos de Aspe desde sus inicios, Alcalde de Fiestas desde 1978 hasta la actualidad, Miembro Honorario de UNDEF y persona muy querida y respetada, tanto en el mundo festero como en\u00a0la comunidad aspense.<\/p>\n<p>La Uni\u00f3n de Moros y Cristianos se encuentra de luto por esta p\u00e9rdida y acompa\u00f1a a sus familiares y allegados en estos momentos de dolor.<\/p>\n<p>El funeral se oficiar\u00e1 ma\u00f1ana d\u00eda 8 de septiembre, a las 10:00h en la Bas\u00edlica de Nuestra Se\u00f1ora del Socorro de Aspe.<\/p>\n<p>D.E.P.<\/p>\n<p><img loading=\"lazy\" decoding=\"async\" class=\"aligncenter size-full wp-image-1673\" src=\"https:\/\/web.morosycristianosdeaspe.es\/wp-content\/uploads\/2016\/09\/El-Huertas1.jpg\" alt=\"El Huertas\" width=\"1024\" height=\"683\" srcset=\"https:\/\/web.morosycristianosdeaspe.es\/wp-content\/uploads\/2016\/09\/El-Huertas1.jpg 1024w, https:\/\/web.morosycristianosdeaspe.es\/wp-content\/uploads\/2016\/09\/El-Huertas1-300x200.jpg 300w, https:\/\/web.morosycristianosdeaspe.es\/wp-content\/uploads\/2016\/09\/El-Huertas1-768x512.jpg 768w\" sizes=\"auto, (max-width: 1024px) 100vw, 1024px\" \/><\/p>\n<p>&nbsp;<\/p>\n","protected":false},"excerpt":{"rendered":"<p>Esta madrugada del 7 de Septiembre de 2016 ha fallecido D. Jos\u00e9 Antonio Botella Gabald\u00f3n, por todos conocido como \u00abEl Huertas\u00bb. Persona vinculada a la Fiesta de Moros y Cristianos de Aspe desde sus inicios, Alcalde de Fiestas desde 1978 hasta la actualidad, Miembro Honorario de UNDEF y persona muy querida y respetada, tanto en [&hellip;]<\/p>\n","protected":false},"author":1,"featured_media":0,"comment_status":"closed","ping_status":"closed","sticky":false,"template":"","format":"standard","meta":{"footnotes":""},"categories":[3],"tags":[],"class_list":["post-1671","post","type-post","status-publish","format-standard","hentry","category-noticia-general"],"_links":{"self":[{"href":"https:\/\/web.morosycristianosdeaspe.es\/index.php?rest_route=\/wp\/v2\/posts\/1671","targetHints":{"allow":["GET"]}}],"collection":[{"href":"https:\/\/web.morosycristianosdeaspe.es\/index.php?rest_route=\/wp\/v2\/posts"}],"about":[{"href":"https:\/\/web.morosycristianosdeaspe.es\/index.php?rest_route=\/wp\/v2\/types\/post"}],"author":[{"embeddable":true,"href":"https:\/\/web.morosycristianosdeaspe.es\/index.php?rest_route=\/wp\/v2\/users\/1"}],"replies":[{"embeddable":true,"href":"https:\/\/web.morosycristianosdeaspe.es\/index.php?rest_route=%2Fwp%2Fv2%2Fcomments&post=1671"}],"version-history":[{"count":2,"href":"https:\/\/web.morosycristianosdeaspe.es\/index.php?rest_route=\/wp\/v2\/posts\/1671\/revisions"}],"predecessor-version":[{"id":1675,"href":"https:\/\/web.morosycristianosdeaspe.es\/index.php?rest_route=\/wp\/v2\/posts\/1671\/revisions\/1675"}],"wp:attachment":[{"href":"https:\/\/web.morosycristianosdeaspe.es\/index.php?rest_route=%2Fwp%2Fv2%2Fmedia&parent=1671"}],"wp:term":[{"taxonomy":"category","embeddable":true,"href":"https:\/\/web.morosycristianosdeaspe.es\/index.php?rest_route=%2Fwp%2Fv2%2Fcategories&post=1671"},{"taxonomy":"post_tag","embeddable":true,"href":"https:\/\/web.morosycristianosdeaspe.es\/index.php?rest_route=%2Fwp%2Fv2%2Ftags&post=1671"}],"curies":[{"name":"wp","href":"https:\/\/api.w.org\/{rel}","templated":true}]}}