{"id":1676,"date":"2016-09-08T08:22:38","date_gmt":"2016-09-08T07:22:38","guid":{"rendered":"http:\/\/web.morosycristianosdeaspe.es\/?p=1676"},"modified":"2016-09-08T13:08:53","modified_gmt":"2016-09-08T12:08:53","slug":"comunicado-de-alcaldia-del-ayuntamiento-de-aspe","status":"publish","type":"post","link":"https:\/\/web.morosycristianosdeaspe.es\/?p=1676","title":{"rendered":"Comunicado de Alcald\u00eda del Ayuntamiento de Aspe"},"content":{"rendered":"<p>Desde el Ayuntamiento de Aspe, nos unimos al dolor de la gran familia festera, no solo por la p\u00e9rdida de un pilar fundamental en la fiesta de Moros y Cristianos, sino adem\u00e1s por la p\u00e9rdida de una entra\u00f1able persona.<\/p>\n<p>D.E.P.<\/p>\n","protected":false},"excerpt":{"rendered":"<p>Desde el Ayuntamiento de Aspe, nos unimos al dolor de la gran familia festera, no solo por la p\u00e9rdida de un pilar fundamental en la fiesta de Moros y Cristianos, sino adem\u00e1s por la p\u00e9rdida de una entra\u00f1able persona. D.E.P.<\/p>\n","protected":false},"author":1,"featured_media":0,"comment_status":"closed","ping_status":"closed","sticky":false,"template":"","format":"standard","meta":{"footnotes":""},"categories":[3],"tags":[],"class_list":["post-1676","post","type-post","status-publish","format-standard","hentry","category-noticia-general"],"_links":{"self":[{"href":"https:\/\/web.morosycristianosdeaspe.es\/index.php?rest_route=\/wp\/v2\/posts\/1676","targetHints":{"allow":["GET"]}}],"collection":[{"href":"https:\/\/web.morosycristianosdeaspe.es\/index.php?rest_route=\/wp\/v2\/posts"}],"about":[{"href":"https:\/\/web.morosycristianosdeaspe.es\/index.php?rest_route=\/wp\/v2\/types\/post"}],"author":[{"embeddable":true,"href":"https:\/\/web.morosycristianosdeaspe.es\/index.php?rest_route=\/wp\/v2\/users\/1"}],"replies":[{"embeddable":true,"href":"https:\/\/web.morosycristianosdeaspe.es\/index.php?rest_route=%2Fwp%2Fv2%2Fcomments&post=1676"}],"version-history":[{"count":1,"href":"https:\/\/web.morosycristianosdeaspe.es\/index.php?rest_route=\/wp\/v2\/posts\/1676\/revisions"}],"predecessor-version":[{"id":1677,"href":"https:\/\/web.morosycristianosdeaspe.es\/index.php?rest_route=\/wp\/v2\/posts\/1676\/revisions\/1677"}],"wp:attachment":[{"href":"https:\/\/web.morosycristianosdeaspe.es\/index.php?rest_route=%2Fwp%2Fv2%2Fmedia&parent=1676"}],"wp:term":[{"taxonomy":"category","embeddable":true,"href":"https:\/\/web.morosycristianosdeaspe.es\/index.php?rest_route=%2Fwp%2Fv2%2Fcategories&post=1676"},{"taxonomy":"post_tag","embeddable":true,"href":"https:\/\/web.morosycristianosdeaspe.es\/index.php?rest_route=%2Fwp%2Fv2%2Ftags&post=1676"}],"curies":[{"name":"wp","href":"https:\/\/api.w.org\/{rel}","templated":true}]}}