{"id":1679,"date":"2016-09-24T13:48:28","date_gmt":"2016-09-24T12:48:28","guid":{"rendered":"http:\/\/web.morosycristianosdeaspe.es\/?p=1679"},"modified":"2016-09-26T23:04:44","modified_gmt":"2016-09-26T22:04:44","slug":"programa-actos-torrijos-2016","status":"publish","type":"post","link":"https:\/\/web.morosycristianosdeaspe.es\/?p=1679","title":{"rendered":"Programa Actos Moros y Cristianos Sementera Torrijos 2016"},"content":{"rendered":"<h2><a href=\"https:\/\/web.morosycristianosdeaspe.es\/wp-content\/uploads\/2016\/09\/Sementera2016.jpg\" target=\"_blank\"><img loading=\"lazy\" decoding=\"async\" class=\"aligncenter wp-image-1684 size-medium\" src=\"https:\/\/web.morosycristianosdeaspe.es\/wp-content\/uploads\/2016\/09\/Sementera2016-214x300.jpg\" alt=\"sementera2016\" width=\"214\" height=\"300\" srcset=\"https:\/\/web.morosycristianosdeaspe.es\/wp-content\/uploads\/2016\/09\/Sementera2016-214x300.jpg 214w, https:\/\/web.morosycristianosdeaspe.es\/wp-content\/uploads\/2016\/09\/Sementera2016-768x1077.jpg 768w, https:\/\/web.morosycristianosdeaspe.es\/wp-content\/uploads\/2016\/09\/Sementera2016-730x1024.jpg 730w, https:\/\/web.morosycristianosdeaspe.es\/wp-content\/uploads\/2016\/09\/Sementera2016.jpg 850w\" sizes=\"auto, (max-width: 214px) 100vw, 214px\" \/><\/a><\/h2>\n<h2><span style=\"color: #0000ff;\">VIERNES 30 DE SEPTIEMBRE<\/span><\/h2>\n<p><strong><span style=\"color: #993300;\">Pasacalle de festeros y autoridades <\/span><\/strong>acompa\u00f1ados por la Banda Municipal hacia el Palacio-Ayuntamiento donde se realizar\u00e1 la recepci\u00f3n a los festeros y la firma de la <strong><span style=\"color: #008000;\">renovaci\u00f3n del Hermanamiento por el XV Aniversario <\/span><\/strong>de la firma de este.<\/p>\n<p>Lugar de salida: Plaza de las Palmeras.<\/p>\n<p>Hora de concentraci\u00f3n: 20.15 h.<\/p>\n<p>Hora de salida: 20.30 h.<\/p>\n<h2><span style=\"color: #0000ff;\">SABADO 1 DE OCTUBRE<\/span><\/h2>\n<p>Desayuno de <strong>7.30 h. a 9.30 h. <\/strong>en el pabell\u00f3n.<\/p>\n<h3><strong><span style=\"text-decoration: underline;\"><span style=\"color: #993300; text-decoration: underline;\">Desfile de la Embajada y Embajada<\/span><\/span><\/strong><\/h3>\n<p>A las <strong>9 h.<\/strong>, entrega de los trajes en el Pabell\u00f3n y empezar a vestirse. Al finalizar de cambiarse, <strong>traslado en autob\u00fas<\/strong> <strong>de festejos<\/strong> al inicio del Desfile de la Embajada.<\/p>\n<p>A las <strong>11 h.,<\/strong> salida del <strong>Desfile de la Embajada<\/strong> hacia el Palacio-Ayuntamiento. Recorrido: C\/La Cava, C\/Murillo y Palacio Pedro I.<\/p>\n<p>A las <strong>12 h.<\/strong>, <strong>Embajada<\/strong> en el Patio Porticado del Palacio de Pedro I. A su conclusi\u00f3n vuelta al Pabell\u00f3n.<\/p>\n<h3><strong><span style=\"text-decoration: underline;\"><span style=\"color: #993300; text-decoration: underline;\">Comida de convivencia<\/span><\/span><\/strong><\/h3>\n<p>A las <strong>14.30 h.<\/strong>, en el Pabell\u00f3n.<\/p>\n<h3><strong><span style=\"text-decoration: underline;\"><span style=\"color: #993300; text-decoration: underline;\">Desfile general<\/span><\/span><\/strong><\/h3>\n<p>A las <strong>19 h.<\/strong>, en el Pabell\u00f3n para empezar a vestirse.<\/p>\n<p>A las <strong>20.30 h.<\/strong>, <strong>traslado en autob\u00fas de festejos<\/strong> hacia el punto de salida del desfile.<\/p>\n<p>A las <strong>21.30 h.<\/strong>, salida de <strong>Desfile<\/strong> que finaliza en la Plaza de la c\u00e1rcel. Recorrido: Avda. de la Estaci\u00f3n (desde el Colegio Villa de Torrijos) hasta la C\/Eras de San Francisco (frente a la Escuela de M\u00fasica).<\/p>\n<p>Al finalizar el desfile, la Banda Municipal interpretar\u00e1 el <strong>Himno de la Fiesta<\/strong> para cantarlo junto a los festeros de Torrijos.<\/p>\n<p>Al finalizar el himno, vuelta al Pabell\u00f3n donde habr\u00e1 preparada una cena fr\u00eda para todos los festeros.<\/p>\n<h2><span style=\"color: #0000ff;\">DOMINGO 2 DE OCTUBRE<\/span><\/h2>\n<p>Desayuno de <strong>7.30 h. a 9.30 h. <\/strong>en el pabell\u00f3n.<\/p>\n","protected":false},"excerpt":{"rendered":"<p>VIERNES 30 DE SEPTIEMBRE Pasacalle de festeros y autoridades acompa\u00f1ados por la Banda Municipal hacia el Palacio-Ayuntamiento donde se realizar\u00e1 la recepci\u00f3n a los festeros y la firma de la renovaci\u00f3n del Hermanamiento por el XV Aniversario de la firma de este. Lugar de salida: Plaza de las Palmeras. Hora de concentraci\u00f3n: 20.15 h. Hora [&hellip;]<\/p>\n","protected":false},"author":1,"featured_media":0,"comment_status":"closed","ping_status":"closed","sticky":false,"template":"","format":"standard","meta":{"footnotes":""},"categories":[16],"tags":[],"class_list":["post-1679","post","type-post","status-publish","format-standard","hentry","category-actos-oficiales"],"_links":{"self":[{"href":"https:\/\/web.morosycristianosdeaspe.es\/index.php?rest_route=\/wp\/v2\/posts\/1679","targetHints":{"allow":["GET"]}}],"collection":[{"href":"https:\/\/web.morosycristianosdeaspe.es\/index.php?rest_route=\/wp\/v2\/posts"}],"about":[{"href":"https:\/\/web.morosycristianosdeaspe.es\/index.php?rest_route=\/wp\/v2\/types\/post"}],"author":[{"embeddable":true,"href":"https:\/\/web.morosycristianosdeaspe.es\/index.php?rest_route=\/wp\/v2\/users\/1"}],"replies":[{"embeddable":true,"href":"https:\/\/web.morosycristianosdeaspe.es\/index.php?rest_route=%2Fwp%2Fv2%2Fcomments&post=1679"}],"version-history":[{"count":7,"href":"https:\/\/web.morosycristianosdeaspe.es\/index.php?rest_route=\/wp\/v2\/posts\/1679\/revisions"}],"predecessor-version":[{"id":1687,"href":"https:\/\/web.morosycristianosdeaspe.es\/index.php?rest_route=\/wp\/v2\/posts\/1679\/revisions\/1687"}],"wp:attachment":[{"href":"https:\/\/web.morosycristianosdeaspe.es\/index.php?rest_route=%2Fwp%2Fv2%2Fmedia&parent=1679"}],"wp:term":[{"taxonomy":"category","embeddable":true,"href":"https:\/\/web.morosycristianosdeaspe.es\/index.php?rest_route=%2Fwp%2Fv2%2Fcategories&post=1679"},{"taxonomy":"post_tag","embeddable":true,"href":"https:\/\/web.morosycristianosdeaspe.es\/index.php?rest_route=%2Fwp%2Fv2%2Ftags&post=1679"}],"curies":[{"name":"wp","href":"https:\/\/api.w.org\/{rel}","templated":true}]}}