{"id":1689,"date":"2016-10-21T20:33:46","date_gmt":"2016-10-21T19:33:46","guid":{"rendered":"http:\/\/web.morosycristianosdeaspe.es\/?p=1689"},"modified":"2016-10-23T22:47:45","modified_gmt":"2016-10-23T21:47:45","slug":"procedimiento-convocatoria-elecciones-a-presidente-de-la-union","status":"publish","type":"post","link":"https:\/\/web.morosycristianosdeaspe.es\/?p=1689","title":{"rendered":"Procedimiento convocatoria elecciones a Presidente de la Uni\u00f3n"},"content":{"rendered":"<p>Con motivo de la pr\u00f3xima renovaci\u00f3n de Junta Directiva de la Uni\u00f3n por elecci\u00f3n de Presidente, se pone en marcha el procedimiento para realizar dicha elecci\u00f3n.<\/p>\n<h2>1.- Candidaturas.<\/h2>\n<p>1.1.- Podr\u00e1 presentarse al cargo de Presidente\/a de la Uni\u00f3n y las personas que acompa\u00f1en dicha candidatura, cualquier socio\/a de las entidades adheridas a la Uni\u00f3n mayor de edad y que cumplan con lo dispuesto en el art\u00edculo 6 de los Estatutos de la Uni\u00f3n.<\/p>\n<p>1.2.- En las candidaturas deber\u00e1 constar el nombre del candidato\/a que se presenta al cargo de Presidente\/a y las personas que le acompa\u00f1en, indicando nombre, apellidos y entidad a la que pertenecen. As\u00ed mismo en cada candidatura se deber\u00e1 de adjuntar fotocopia del DNI de todos los componentes de la misma. Los candidatos deber\u00e1n de cumplir lo fijado en el Art. 24 de los Estatutos de la Uni\u00f3n.<\/p>\n<p>1.3.- Las candidaturas deber\u00e1n presentar su propuesta a trav\u00e9s de correo certificado dirigido a:\u00a0<em>\u201cA\/A Secretar\u00eda de la Uni\u00f3n de Moros y Cristianos Virgen de las Nieves. Apartado de Correos 123. Aspe 03680 (Alicante)\u201d<\/em><\/p>\n<p>El plazo de presentaci\u00f3n ser\u00e1 del 28 de Octubre de 2016 al 11 de Noviembre de 2016, ambos inclusive. (Se har\u00e1 entrega a las comparsas del modelo de presentaci\u00f3n de candidaturas).<\/p>\n<p>1.4.- El 14 de Noviembre de 2016 la Uni\u00f3n har\u00e1 p\u00fablicas las candidaturas admitidas a las elecciones a Presidente de la Junta Directiva de la Uni\u00f3n, abri\u00e9ndose un plazo de alegaciones comprendido entre los d\u00edas 14 al 21 de Noviembre de 2016.<\/p>\n<p>La <strong>Junta de Gobierno<\/strong> se reunir\u00e1 de forma extraordinaria el<strong> 22 de Noviembre de 2016<\/strong> a las 20.30 horas.<\/p>\n<p>A partir del <strong>23 de Noviembre de 2016<\/strong>, las candidaturas validadas quedar\u00e1n publicadas en la p\u00e1gina web de la Uni\u00f3n y se comunicar\u00e1n a las directivas de cada comparsa de dicha informaci\u00f3n.<\/p>\n<p>La <strong>Asamblea General Extraordinaria<\/strong> se celebrar\u00e1 el d\u00eda <strong>16 de Diciembre de 2016<\/strong>. En el local de la Comparsa Moros Aljau, Calle San Pedro n\u00ba30.<\/p>\n<h2>2. Sistema de votaci\u00f3n<\/h2>\n<p>Seg\u00fan el Art. 20 de los Estatutos de la Uni\u00f3n, <strong>el voto ser\u00e1 presencial<\/strong> y corresponder\u00e1 <strong>un voto a cada socio<\/strong>.<\/p>\n<p>Podr\u00e1n votar todos los socios presentes con derecho al mismo o a trav\u00e9s de representaci\u00f3n que s\u00f3lo podr\u00e1 realizarse a trav\u00e9s de poder notarial debidamente hecho al efecto. Dado que los Estatutos no recogen otra opci\u00f3n de voto, se desestiman las opciones de voto por correo, delegaci\u00f3n u otros.<\/p>\n<p>El voto ser\u00e1 secreto y se efectuar\u00e1 depositando la papeleta en una urna cerrada. En la Asamblea Extraordinaria se abrir\u00e1 un tiempo de votaci\u00f3n, nunca superior a una hora para ejercer el derecho a voto.<\/p>\n<p>La mesa de votaci\u00f3n de la Asamblea General Extraordinaria estar\u00e1 compuesta por los Presidentes presentes que conforman la Uni\u00f3n ejerciendo las siguientes funciones:<\/p>\n<p><span style=\"text-decoration: underline;\">Presidente:<\/span> Presidente de mayor edad.<\/p>\n<p><span style=\"text-decoration: underline;\">Secretario:<\/span> Presidente de menor edad.<\/p>\n<p><span style=\"text-decoration: underline;\">Vocales:<\/span> Resto de presidentes, debiendo estar todas las entidades que conforman la Uni\u00f3n representadas. Una vez finalizado el tiempo de votaci\u00f3n, se proceder\u00e1 al recuento, levant\u00e1ndose acta. Al finalizar se dar\u00e1 lectura de la misma.<\/p>\n","protected":false},"excerpt":{"rendered":"<p>Con motivo de la pr\u00f3xima renovaci\u00f3n de Junta Directiva de la Uni\u00f3n por elecci\u00f3n de Presidente, se pone en marcha el procedimiento para realizar dicha elecci\u00f3n. 1.- Candidaturas. 1.1.- Podr\u00e1 presentarse al cargo de Presidente\/a de la Uni\u00f3n y las personas que acompa\u00f1en dicha candidatura, cualquier socio\/a de las entidades adheridas a la Uni\u00f3n mayor [&hellip;]<\/p>\n","protected":false},"author":1,"featured_media":0,"comment_status":"closed","ping_status":"closed","sticky":false,"template":"","format":"standard","meta":{"footnotes":""},"categories":[3],"tags":[],"class_list":["post-1689","post","type-post","status-publish","format-standard","hentry","category-noticia-general"],"_links":{"self":[{"href":"https:\/\/web.morosycristianosdeaspe.es\/index.php?rest_route=\/wp\/v2\/posts\/1689","targetHints":{"allow":["GET"]}}],"collection":[{"href":"https:\/\/web.morosycristianosdeaspe.es\/index.php?rest_route=\/wp\/v2\/posts"}],"about":[{"href":"https:\/\/web.morosycristianosdeaspe.es\/index.php?rest_route=\/wp\/v2\/types\/post"}],"author":[{"embeddable":true,"href":"https:\/\/web.morosycristianosdeaspe.es\/index.php?rest_route=\/wp\/v2\/users\/1"}],"replies":[{"embeddable":true,"href":"https:\/\/web.morosycristianosdeaspe.es\/index.php?rest_route=%2Fwp%2Fv2%2Fcomments&post=1689"}],"version-history":[{"count":3,"href":"https:\/\/web.morosycristianosdeaspe.es\/index.php?rest_route=\/wp\/v2\/posts\/1689\/revisions"}],"predecessor-version":[{"id":1692,"href":"https:\/\/web.morosycristianosdeaspe.es\/index.php?rest_route=\/wp\/v2\/posts\/1689\/revisions\/1692"}],"wp:attachment":[{"href":"https:\/\/web.morosycristianosdeaspe.es\/index.php?rest_route=%2Fwp%2Fv2%2Fmedia&parent=1689"}],"wp:term":[{"taxonomy":"category","embeddable":true,"href":"https:\/\/web.morosycristianosdeaspe.es\/index.php?rest_route=%2Fwp%2Fv2%2Fcategories&post=1689"},{"taxonomy":"post_tag","embeddable":true,"href":"https:\/\/web.morosycristianosdeaspe.es\/index.php?rest_route=%2Fwp%2Fv2%2Ftags&post=1689"}],"curies":[{"name":"wp","href":"https:\/\/api.w.org\/{rel}","templated":true}]}}