{"id":1708,"date":"2017-01-26T10:22:21","date_gmt":"2017-01-26T09:22:21","guid":{"rendered":"http:\/\/web.morosycristianosdeaspe.es\/?p=1708"},"modified":"2017-01-26T10:43:21","modified_gmt":"2017-01-26T09:43:21","slug":"convocatoria-asamblea-general-ordinaria","status":"publish","type":"post","link":"https:\/\/web.morosycristianosdeaspe.es\/?p=1708","title":{"rendered":"Convocatoria Asamblea General Ordinaria 10\/02\/2017"},"content":{"rendered":"<p>Seg\u00fan acuerdo de Junta de Gobierno celebrada el <strong>23 de Enero de 2017<\/strong>, la <em>Junta Directiva de la Uni\u00f3n de Moros y Cristianos Virgen de las Nieves de Aspe<\/em>, por las facultades que le otorga el Art. 26.e de los Estatutos vigentes, <strong>convoca a todos los festeros y festeras a Asamblea General Ordinaria<\/strong>, el pr\u00f3ximo viernes <strong>10 de Febrero de 2017<\/strong> en la c\/San Pedro, 30, a las <strong>20:30<\/strong> horas en 1\u00aa convocatoria y a las <strong>21:00<\/strong> horas en 2\u00aa convocatoria, siendo el orden del d\u00eda el siguiente:<\/p>\n<ol>\n<li><strong>Lectura y aprobaci\u00f3n, si procede, del Acta de la Asamblea Ordinaria del 16 de Diciembre de 2016.<\/strong><\/li>\n<li><strong>Presentaci\u00f3n del Presupuesto 2017 y aprobaci\u00f3n si procede.<\/strong><\/li>\n<li><strong>Ruegos y Preguntas.<\/strong>&nbsp;<\/li>\n<\/ol>\n<p>&nbsp;<\/p>\n<p><strong>NOTA<\/strong>.- El <strong>Censo Oficial de Festeros<\/strong> de la Uni\u00f3n de Moros y Cristianos Virgen de las Nieves de Aspe estar\u00e1 a disposici\u00f3n de las comparsas <strong>7 d\u00edas antes de la Asamblea<\/strong> para su consulta o rectificaci\u00f3n.<\/p>\n<p>&nbsp;<\/p>\n<p><a href=\"https:\/\/twitter.com\/Union_MyC_Aspe?lang=es\"><img loading=\"lazy\" decoding=\"async\" class=\"alignleft wp-image-1709\" src=\"https:\/\/web.morosycristianosdeaspe.es\/wp-content\/uploads\/2017\/01\/tw-300x300.jpg\" width=\"37\" height=\"37\" srcset=\"https:\/\/web.morosycristianosdeaspe.es\/wp-content\/uploads\/2017\/01\/tw-300x300.jpg 300w, https:\/\/web.morosycristianosdeaspe.es\/wp-content\/uploads\/2017\/01\/tw-150x150.jpg 150w, https:\/\/web.morosycristianosdeaspe.es\/wp-content\/uploads\/2017\/01\/tw-144x144.jpg 144w, https:\/\/web.morosycristianosdeaspe.es\/wp-content\/uploads\/2017\/01\/tw.jpg 512w\" sizes=\"auto, (max-width: 37px) 100vw, 37px\" \/><\/a><strong>Para estar puntualmente informado\/a adem\u00e1s de seguir la p\u00e1gina web, te &nbsp;invitamos a que nos sigas en Twitter <a href=\"https:\/\/twitter.com\/Union_MyC_Aspe?lang=es\">@Union_MyC_Aspe<\/a><\/strong><\/p>\n<p>&nbsp;<\/p>\n<p>&nbsp;<\/p>\n","protected":false},"excerpt":{"rendered":"<p>Seg\u00fan acuerdo de Junta de Gobierno celebrada el 23 de Enero de 2017, la Junta Directiva de la Uni\u00f3n de Moros y Cristianos Virgen de las Nieves de Aspe, por las facultades que le otorga el Art. 26.e de los Estatutos vigentes, convoca a todos los festeros y festeras a Asamblea General Ordinaria, el pr\u00f3ximo [&hellip;]<\/p>\n","protected":false},"author":1,"featured_media":0,"comment_status":"closed","ping_status":"closed","sticky":false,"template":"","format":"standard","meta":{"footnotes":""},"categories":[3],"tags":[],"class_list":["post-1708","post","type-post","status-publish","format-standard","hentry","category-noticia-general"],"_links":{"self":[{"href":"https:\/\/web.morosycristianosdeaspe.es\/index.php?rest_route=\/wp\/v2\/posts\/1708","targetHints":{"allow":["GET"]}}],"collection":[{"href":"https:\/\/web.morosycristianosdeaspe.es\/index.php?rest_route=\/wp\/v2\/posts"}],"about":[{"href":"https:\/\/web.morosycristianosdeaspe.es\/index.php?rest_route=\/wp\/v2\/types\/post"}],"author":[{"embeddable":true,"href":"https:\/\/web.morosycristianosdeaspe.es\/index.php?rest_route=\/wp\/v2\/users\/1"}],"replies":[{"embeddable":true,"href":"https:\/\/web.morosycristianosdeaspe.es\/index.php?rest_route=%2Fwp%2Fv2%2Fcomments&post=1708"}],"version-history":[{"count":5,"href":"https:\/\/web.morosycristianosdeaspe.es\/index.php?rest_route=\/wp\/v2\/posts\/1708\/revisions"}],"predecessor-version":[{"id":1716,"href":"https:\/\/web.morosycristianosdeaspe.es\/index.php?rest_route=\/wp\/v2\/posts\/1708\/revisions\/1716"}],"wp:attachment":[{"href":"https:\/\/web.morosycristianosdeaspe.es\/index.php?rest_route=%2Fwp%2Fv2%2Fmedia&parent=1708"}],"wp:term":[{"taxonomy":"category","embeddable":true,"href":"https:\/\/web.morosycristianosdeaspe.es\/index.php?rest_route=%2Fwp%2Fv2%2Fcategories&post=1708"},{"taxonomy":"post_tag","embeddable":true,"href":"https:\/\/web.morosycristianosdeaspe.es\/index.php?rest_route=%2Fwp%2Fv2%2Ftags&post=1708"}],"curies":[{"name":"wp","href":"https:\/\/api.w.org\/{rel}","templated":true}]}}