{"id":1800,"date":"2017-02-22T17:55:48","date_gmt":"2017-02-22T16:55:48","guid":{"rendered":"http:\/\/web.morosycristianosdeaspe.es\/?p=1800"},"modified":"2017-02-22T18:04:16","modified_gmt":"2017-02-22T17:04:16","slug":"lanceros-de-uchel-inaugura-su-cartelillo","status":"publish","type":"post","link":"https:\/\/web.morosycristianosdeaspe.es\/?p=1800","title":{"rendered":"Lanceros de Uchel inaugura su cuartelillo"},"content":{"rendered":"<p style=\"text-align: right;\"><span style=\"color: #800000;\"><em>Carlos Aznar Pav\u00eda<\/em><\/span><\/p>\n<p style=\"text-align: right;\"><span style=\"color: #800000;\"><em>Cronista Oficial de Fiestas<\/em><\/span><\/p>\n<h3 style=\"text-align: center;\">&#x1f535;&nbsp;LA COMPARSA LANCEROS DE UCHEL DE ASPE Y SU GRAN FIESTA&nbsp;&#x1f535;<\/h3>\n<p>Una fiesta muy deseada y esperada la que tuvo la comparsa <strong><span style=\"color: #800000;\"><em>Lanceros de Uchel<\/em><\/span><\/strong>, despu\u00e9s de haber celebrado durante 17 a\u00f1os todos sus actos y fiestas en el patio de un colegio p\u00fablico. Por fin y despu\u00e9s de tener adquiridos unos terrenos desde el a\u00f1o 2004, haciendo honor a su nombre, en este \u00faltimo a\u00f1o se han \u00ablanzado\u00bb y en un tiempo r\u00e9cord han conseguido<strong> inaugurar su cuartelillo.<\/strong><\/p>\n<figure id=\"attachment_1784\" aria-describedby=\"caption-attachment-1784\" style=\"width: 514px\" class=\"wp-caption aligncenter\"><a href=\"https:\/\/web.morosycristianosdeaspe.es\/wp-content\/uploads\/2017\/02\/1.jpg\"><img loading=\"lazy\" decoding=\"async\" class=\"wp-image-1784\" src=\"https:\/\/web.morosycristianosdeaspe.es\/wp-content\/uploads\/2017\/02\/1-300x200.jpg\" width=\"514\" height=\"342\" srcset=\"https:\/\/web.morosycristianosdeaspe.es\/wp-content\/uploads\/2017\/02\/1-300x200.jpg 300w, https:\/\/web.morosycristianosdeaspe.es\/wp-content\/uploads\/2017\/02\/1-768x512.jpg 768w, https:\/\/web.morosycristianosdeaspe.es\/wp-content\/uploads\/2017\/02\/1-1024x683.jpg 1024w, https:\/\/web.morosycristianosdeaspe.es\/wp-content\/uploads\/2017\/02\/1-690x460.jpg 690w, https:\/\/web.morosycristianosdeaspe.es\/wp-content\/uploads\/2017\/02\/1-980x653.jpg 980w, https:\/\/web.morosycristianosdeaspe.es\/wp-content\/uploads\/2017\/02\/1.jpg 1800w\" sizes=\"auto, (max-width: 514px) 100vw, 514px\" \/><\/a><figcaption id=\"caption-attachment-1784\" class=\"wp-caption-text\"><em>Entrada principal al cuartelillo<\/em><\/figcaption><\/figure>\n<p>&nbsp;<\/p>\n<p>La tarde noche del pasado <span style=\"color: #000000;\"><strong>17 de junio de 2016<\/strong><\/span>, el cuartelillo de la Comparsa Cristiana <span style=\"color: #800000;\"><strong>Lanceros de Uchel<\/strong><\/span> fue una autentica fiesta. Todos est\u00e1bamos expectantes a las puertas del Castillo Lancero, \u00e9ramos m\u00e1s de 300 entre festeros, simpatizantes e invitados, esperando que el alcalde de Aspe <strong>Antonio Puerto Garc\u00eda<\/strong> cortase la simb\u00f3lica cinta colocada en la art\u00edstica puerta de acceso al recinto. El ni\u00f1o <strong>David Mira Cremades<\/strong>, Pregonero Infantil de las Fiestas de Moros y Cristianos 2014 portaba la tijera con la que el Alcalde nos&nbsp; franque\u00f3 la entrada. El Rector de la Bas\u00edlica de Nuestra Sra. del Socorro <strong>D. Fernando Navarro Cremades<\/strong>, bendijo las instalaciones y todos al pasar a su interior quedamos gratamente sorprendidos.<\/p>\n<p>&nbsp;<\/p>\n<figure id=\"attachment_1785\" aria-describedby=\"caption-attachment-1785\" style=\"width: 361px\" class=\"wp-caption aligncenter\"><a href=\"https:\/\/web.morosycristianosdeaspe.es\/wp-content\/uploads\/2017\/02\/2.jpg\"><img loading=\"lazy\" decoding=\"async\" class=\"wp-image-1785\" src=\"https:\/\/web.morosycristianosdeaspe.es\/wp-content\/uploads\/2017\/02\/2-300x200.jpg\" width=\"361\" height=\"241\" srcset=\"https:\/\/web.morosycristianosdeaspe.es\/wp-content\/uploads\/2017\/02\/2-300x200.jpg 300w, https:\/\/web.morosycristianosdeaspe.es\/wp-content\/uploads\/2017\/02\/2-768x512.jpg 768w, https:\/\/web.morosycristianosdeaspe.es\/wp-content\/uploads\/2017\/02\/2-1024x683.jpg 1024w, https:\/\/web.morosycristianosdeaspe.es\/wp-content\/uploads\/2017\/02\/2-690x460.jpg 690w, https:\/\/web.morosycristianosdeaspe.es\/wp-content\/uploads\/2017\/02\/2-980x653.jpg 980w, https:\/\/web.morosycristianosdeaspe.es\/wp-content\/uploads\/2017\/02\/2.jpg 1800w\" sizes=\"auto, (max-width: 361px) 100vw, 361px\" \/><\/a><figcaption id=\"caption-attachment-1785\" class=\"wp-caption-text\"><em>D. Fernando Navarro Cremades bendiciendo las instalaciones<\/em><\/figcaption><\/figure>\n<figure id=\"attachment_1786\" aria-describedby=\"caption-attachment-1786\" style=\"width: 361px\" class=\"wp-caption aligncenter\"><a href=\"https:\/\/web.morosycristianosdeaspe.es\/wp-content\/uploads\/2017\/02\/3.jpg\"><img loading=\"lazy\" decoding=\"async\" class=\"wp-image-1786\" src=\"https:\/\/web.morosycristianosdeaspe.es\/wp-content\/uploads\/2017\/02\/3-300x200.jpg\" width=\"361\" height=\"240\" srcset=\"https:\/\/web.morosycristianosdeaspe.es\/wp-content\/uploads\/2017\/02\/3-300x200.jpg 300w, https:\/\/web.morosycristianosdeaspe.es\/wp-content\/uploads\/2017\/02\/3-768x512.jpg 768w, https:\/\/web.morosycristianosdeaspe.es\/wp-content\/uploads\/2017\/02\/3-1024x683.jpg 1024w, https:\/\/web.morosycristianosdeaspe.es\/wp-content\/uploads\/2017\/02\/3-690x460.jpg 690w, https:\/\/web.morosycristianosdeaspe.es\/wp-content\/uploads\/2017\/02\/3-980x653.jpg 980w, https:\/\/web.morosycristianosdeaspe.es\/wp-content\/uploads\/2017\/02\/3.jpg 1800w\" sizes=\"auto, (max-width: 361px) 100vw, 361px\" \/><\/a><figcaption id=\"caption-attachment-1786\" class=\"wp-caption-text\"><em>Presidenta de la comparsa cortando la cinta<\/em><\/figcaption><\/figure>\n<figure id=\"attachment_1787\" aria-describedby=\"caption-attachment-1787\" style=\"width: 355px\" class=\"wp-caption aligncenter\"><a href=\"https:\/\/web.morosycristianosdeaspe.es\/wp-content\/uploads\/2017\/02\/4.jpg\"><img loading=\"lazy\" decoding=\"async\" class=\"wp-image-1787\" src=\"https:\/\/web.morosycristianosdeaspe.es\/wp-content\/uploads\/2017\/02\/4-300x200.jpg\" width=\"355\" height=\"237\" srcset=\"https:\/\/web.morosycristianosdeaspe.es\/wp-content\/uploads\/2017\/02\/4-300x200.jpg 300w, https:\/\/web.morosycristianosdeaspe.es\/wp-content\/uploads\/2017\/02\/4-768x512.jpg 768w, https:\/\/web.morosycristianosdeaspe.es\/wp-content\/uploads\/2017\/02\/4-1024x683.jpg 1024w, https:\/\/web.morosycristianosdeaspe.es\/wp-content\/uploads\/2017\/02\/4-690x460.jpg 690w, https:\/\/web.morosycristianosdeaspe.es\/wp-content\/uploads\/2017\/02\/4-980x653.jpg 980w, https:\/\/web.morosycristianosdeaspe.es\/wp-content\/uploads\/2017\/02\/4.jpg 1800w\" sizes=\"auto, (max-width: 355px) 100vw, 355px\" \/><\/a><figcaption id=\"caption-attachment-1787\" class=\"wp-caption-text\"><em>Invitados entrando a las instalaciones<\/em><\/figcaption><\/figure>\n<p style=\"text-align: center;\">&nbsp;<\/p>\n<p>El enclave es un sitio perfecto, se encuentra en el paraje llamado <strong>Huerta Mayor<\/strong> y est\u00e1 rodeado de parras de uva, que en esta \u00e9poca lucen todo su verdor. Cuenta con <strong><em>escenario, pista de baile, zonas ajardinadas, \u00e1rboles bastante crecidos, zona cubierta para refugiarse del sol, una gran barra tambi\u00e9n con p\u00e9rgola y un local social<\/em><\/strong> cuyas dimensiones son la envidia de las dem\u00e1s comparsas de Aspe.<\/p>\n<p style=\"text-align: center;\"><a href=\"https:\/\/web.morosycristianosdeaspe.es\/wp-content\/uploads\/2017\/02\/DSC_0051.jpg\"><img loading=\"lazy\" decoding=\"async\" class=\" wp-image-1788 aligncenter\" src=\"https:\/\/web.morosycristianosdeaspe.es\/wp-content\/uploads\/2017\/02\/DSC_0051-300x200.jpg\" alt=\"\" width=\"392\" height=\"261\" srcset=\"https:\/\/web.morosycristianosdeaspe.es\/wp-content\/uploads\/2017\/02\/DSC_0051-300x200.jpg 300w, https:\/\/web.morosycristianosdeaspe.es\/wp-content\/uploads\/2017\/02\/DSC_0051-768x512.jpg 768w, https:\/\/web.morosycristianosdeaspe.es\/wp-content\/uploads\/2017\/02\/DSC_0051-1024x683.jpg 1024w, https:\/\/web.morosycristianosdeaspe.es\/wp-content\/uploads\/2017\/02\/DSC_0051-690x460.jpg 690w, https:\/\/web.morosycristianosdeaspe.es\/wp-content\/uploads\/2017\/02\/DSC_0051-980x653.jpg 980w, https:\/\/web.morosycristianosdeaspe.es\/wp-content\/uploads\/2017\/02\/DSC_0051.jpg 1800w\" sizes=\"auto, (max-width: 392px) 100vw, 392px\" \/><\/a><\/p>\n<figure id=\"attachment_1805\" aria-describedby=\"caption-attachment-1805\" style=\"width: 390px\" class=\"wp-caption aligncenter\"><a href=\"https:\/\/web.morosycristianosdeaspe.es\/wp-content\/uploads\/2017\/02\/6.jpg\"><img loading=\"lazy\" decoding=\"async\" class=\"wp-image-1805\" src=\"https:\/\/web.morosycristianosdeaspe.es\/wp-content\/uploads\/2017\/02\/6-300x200.jpg\" width=\"390\" height=\"260\" srcset=\"https:\/\/web.morosycristianosdeaspe.es\/wp-content\/uploads\/2017\/02\/6-300x200.jpg 300w, https:\/\/web.morosycristianosdeaspe.es\/wp-content\/uploads\/2017\/02\/6-768x512.jpg 768w, https:\/\/web.morosycristianosdeaspe.es\/wp-content\/uploads\/2017\/02\/6-1024x683.jpg 1024w, https:\/\/web.morosycristianosdeaspe.es\/wp-content\/uploads\/2017\/02\/6-690x460.jpg 690w, https:\/\/web.morosycristianosdeaspe.es\/wp-content\/uploads\/2017\/02\/6-980x653.jpg 980w, https:\/\/web.morosycristianosdeaspe.es\/wp-content\/uploads\/2017\/02\/6.jpg 1800w\" sizes=\"auto, (max-width: 390px) 100vw, 390px\" \/><\/a><figcaption id=\"caption-attachment-1805\" class=\"wp-caption-text\"><em>Algunas de las instalaciones<\/em><\/figcaption><\/figure>\n<p>Despu\u00e9s de la bendici\u00f3n, los antes mencionados m\u00e1s el presidente de la UNDEF <strong>Francisco L\u00f3pez P\u00e9rez<\/strong>, el presidente de la Uni\u00f3n de Moros y Cristianos de Aspe <strong>Francisco Vives Tenza<\/strong>, y la presidenta de Lanceros <strong>M\u00aa Elena Amorrich,<\/strong> acompa\u00f1ados por dos j\u00f3venes de esta comparsa que hicieron de coordinadores y presentadores, todos ellos ocuparon el flamante escenario, donde hubo turno de palabras y todos coincidieron en felicitar y el gran esfuerzo de esta comparsa, esfuerzo recompensado a todas luces, el resultado estaba a la vista de todos. Se les invit\u00f3 firmar a todos los mencionados en el <strong>libro de Oro<\/strong> de la comparsa.<\/p>\n<p><a href=\"https:\/\/web.morosycristianosdeaspe.es\/wp-content\/uploads\/2017\/02\/DSC_0149.jpg\"><img loading=\"lazy\" decoding=\"async\" class=\"wp-image-1790 aligncenter\" src=\"https:\/\/web.morosycristianosdeaspe.es\/wp-content\/uploads\/2017\/02\/DSC_0149-300x200.jpg\" alt=\"\" width=\"383\" height=\"255\" srcset=\"https:\/\/web.morosycristianosdeaspe.es\/wp-content\/uploads\/2017\/02\/DSC_0149-300x200.jpg 300w, https:\/\/web.morosycristianosdeaspe.es\/wp-content\/uploads\/2017\/02\/DSC_0149-768x512.jpg 768w, https:\/\/web.morosycristianosdeaspe.es\/wp-content\/uploads\/2017\/02\/DSC_0149-1024x683.jpg 1024w, https:\/\/web.morosycristianosdeaspe.es\/wp-content\/uploads\/2017\/02\/DSC_0149-690x460.jpg 690w, https:\/\/web.morosycristianosdeaspe.es\/wp-content\/uploads\/2017\/02\/DSC_0149-980x653.jpg 980w, https:\/\/web.morosycristianosdeaspe.es\/wp-content\/uploads\/2017\/02\/DSC_0149.jpg 1800w\" sizes=\"auto, (max-width: 383px) 100vw, 383px\" \/><\/a><\/p>\n<figure id=\"attachment_1789\" aria-describedby=\"caption-attachment-1789\" style=\"width: 381px\" class=\"wp-caption aligncenter\"><a href=\"https:\/\/web.morosycristianosdeaspe.es\/wp-content\/uploads\/2017\/02\/DSC_0137.jpg\"><img loading=\"lazy\" decoding=\"async\" class=\"wp-image-1789\" src=\"https:\/\/web.morosycristianosdeaspe.es\/wp-content\/uploads\/2017\/02\/DSC_0137-300x200.jpg\" width=\"381\" height=\"254\" srcset=\"https:\/\/web.morosycristianosdeaspe.es\/wp-content\/uploads\/2017\/02\/DSC_0137-300x200.jpg 300w, https:\/\/web.morosycristianosdeaspe.es\/wp-content\/uploads\/2017\/02\/DSC_0137-768x512.jpg 768w, https:\/\/web.morosycristianosdeaspe.es\/wp-content\/uploads\/2017\/02\/DSC_0137-1024x683.jpg 1024w, https:\/\/web.morosycristianosdeaspe.es\/wp-content\/uploads\/2017\/02\/DSC_0137-690x460.jpg 690w, https:\/\/web.morosycristianosdeaspe.es\/wp-content\/uploads\/2017\/02\/DSC_0137-980x653.jpg 980w, https:\/\/web.morosycristianosdeaspe.es\/wp-content\/uploads\/2017\/02\/DSC_0137.jpg 1800w\" sizes=\"auto, (max-width: 381px) 100vw, 381px\" \/><\/a><figcaption id=\"caption-attachment-1789\" class=\"wp-caption-text\"><em>Acto de presentaci\u00f3n<\/em><\/figcaption><\/figure>\n<p>El Alcalde de Aspe y la Presidenta de Lanceros, fueron los que descubrieron el <strong>escudo de Lanceros de Uchel<\/strong>, un v\u00eddeo nos mostr\u00f3 el antes y el despu\u00e9s de los trabajos realizados en lo que se ha convertido en la <em><strong>Casa de los Lanceros<\/strong><\/em>. Un vino de honor nos tuvo hasta altas horas de la noche, disfrutando de la gran velada que nos hab\u00edan proporcionado los anfitriones.<\/p>\n<figure id=\"attachment_1791\" aria-describedby=\"caption-attachment-1791\" style=\"width: 375px\" class=\"wp-caption aligncenter\"><a href=\"https:\/\/web.morosycristianosdeaspe.es\/wp-content\/uploads\/2017\/02\/DSC_0172.jpg\"><img loading=\"lazy\" decoding=\"async\" class=\"wp-image-1791\" src=\"https:\/\/web.morosycristianosdeaspe.es\/wp-content\/uploads\/2017\/02\/DSC_0172-300x200.jpg\" width=\"375\" height=\"250\" srcset=\"https:\/\/web.morosycristianosdeaspe.es\/wp-content\/uploads\/2017\/02\/DSC_0172-300x200.jpg 300w, https:\/\/web.morosycristianosdeaspe.es\/wp-content\/uploads\/2017\/02\/DSC_0172-768x512.jpg 768w, https:\/\/web.morosycristianosdeaspe.es\/wp-content\/uploads\/2017\/02\/DSC_0172-1024x683.jpg 1024w, https:\/\/web.morosycristianosdeaspe.es\/wp-content\/uploads\/2017\/02\/DSC_0172-690x460.jpg 690w, https:\/\/web.morosycristianosdeaspe.es\/wp-content\/uploads\/2017\/02\/DSC_0172-980x653.jpg 980w, https:\/\/web.morosycristianosdeaspe.es\/wp-content\/uploads\/2017\/02\/DSC_0172.jpg 1800w\" sizes=\"auto, (max-width: 375px) 100vw, 375px\" \/><\/a><figcaption id=\"caption-attachment-1791\" class=\"wp-caption-text\"><em>Descubrimiento del Escudo Oficial de la Comparsa<\/em><\/figcaption><\/figure>\n","protected":false},"excerpt":{"rendered":"<p>Carlos Aznar Pav\u00eda Cronista Oficial de Fiestas &#x1f535;&nbsp;LA COMPARSA LANCEROS DE UCHEL DE ASPE Y SU GRAN FIESTA&nbsp;&#x1f535; Una fiesta muy deseada y esperada la que tuvo la comparsa Lanceros de Uchel, despu\u00e9s de haber celebrado durante 17 a\u00f1os todos sus actos y fiestas en el patio de un colegio p\u00fablico. Por fin y despu\u00e9s [&hellip;]<\/p>\n","protected":false},"author":1,"featured_media":0,"comment_status":"closed","ping_status":"closed","sticky":false,"template":"","format":"standard","meta":{"footnotes":""},"categories":[15,22,3],"tags":[],"class_list":["post-1800","post","type-post","status-publish","format-standard","hentry","category-comparsas","category-lanceros-de-uchel","category-noticia-general"],"_links":{"self":[{"href":"https:\/\/web.morosycristianosdeaspe.es\/index.php?rest_route=\/wp\/v2\/posts\/1800","targetHints":{"allow":["GET"]}}],"collection":[{"href":"https:\/\/web.morosycristianosdeaspe.es\/index.php?rest_route=\/wp\/v2\/posts"}],"about":[{"href":"https:\/\/web.morosycristianosdeaspe.es\/index.php?rest_route=\/wp\/v2\/types\/post"}],"author":[{"embeddable":true,"href":"https:\/\/web.morosycristianosdeaspe.es\/index.php?rest_route=\/wp\/v2\/users\/1"}],"replies":[{"embeddable":true,"href":"https:\/\/web.morosycristianosdeaspe.es\/index.php?rest_route=%2Fwp%2Fv2%2Fcomments&post=1800"}],"version-history":[{"count":7,"href":"https:\/\/web.morosycristianosdeaspe.es\/index.php?rest_route=\/wp\/v2\/posts\/1800\/revisions"}],"predecessor-version":[{"id":1808,"href":"https:\/\/web.morosycristianosdeaspe.es\/index.php?rest_route=\/wp\/v2\/posts\/1800\/revisions\/1808"}],"wp:attachment":[{"href":"https:\/\/web.morosycristianosdeaspe.es\/index.php?rest_route=%2Fwp%2Fv2%2Fmedia&parent=1800"}],"wp:term":[{"taxonomy":"category","embeddable":true,"href":"https:\/\/web.morosycristianosdeaspe.es\/index.php?rest_route=%2Fwp%2Fv2%2Fcategories&post=1800"},{"taxonomy":"post_tag","embeddable":true,"href":"https:\/\/web.morosycristianosdeaspe.es\/index.php?rest_route=%2Fwp%2Fv2%2Ftags&post=1800"}],"curies":[{"name":"wp","href":"https:\/\/api.w.org\/{rel}","templated":true}]}}