{"id":1809,"date":"2017-02-27T19:52:50","date_gmt":"2017-02-27T18:52:50","guid":{"rendered":"http:\/\/web.morosycristianosdeaspe.es\/?p=1809"},"modified":"2017-02-27T19:52:50","modified_gmt":"2017-02-27T18:52:50","slug":"media-fiesta-2017-4-de-marzo-de-2017","status":"publish","type":"post","link":"https:\/\/web.morosycristianosdeaspe.es\/?p=1809","title":{"rendered":"MEDIA FIESTA 2017 &#8211; 4 de marzo de 2017"},"content":{"rendered":"<h2 style=\"text-align: center;\"><strong>&#x1f538;&nbsp;<span style=\"color: #800000;\">PLANIFICACI\u00d3N DE LA MEDIA FIESTA<\/span>&nbsp;&#x1f538;<\/strong><\/h2>\n<h3><span style=\"color: #ff9900;\">ENTRADA DE BANDAS<\/span><\/h3>\n<h3>&#x1f4c5;&nbsp;S\u00e1bado 4 de marzo de 2017<\/h3>\n<h3>\u23f0&nbsp;Hora de concentraci\u00f3n: 18:15 h.<\/h3>\n<h3>&#x1f4cd;&nbsp;<strong>Itinerario:<\/strong> <em>Dr. Mara\u00f1\u00f3n, Parque Dr. Calatayud, Mercado\/ Parque Dr. Calatayud, Pedro Galipienso, Av. Constituci\u00f3n, Arco del Ayuntamiento y Plaza Mayor.<\/em><\/h3>\n<h2 style=\"text-align: center;\"><span style=\"color: #ff9900;\">PLANO DE SALIDA<\/span>&nbsp;<\/h2>\n<p><a href=\"https:\/\/web.morosycristianosdeaspe.es\/wp-content\/uploads\/2017\/02\/PLANO-1.jpg\"><img loading=\"lazy\" decoding=\"async\" class=\"wp-image-1811 aligncenter\" src=\"https:\/\/web.morosycristianosdeaspe.es\/wp-content\/uploads\/2017\/02\/PLANO-1-300x153.jpg\" alt=\"\" width=\"557\" height=\"284\" srcset=\"https:\/\/web.morosycristianosdeaspe.es\/wp-content\/uploads\/2017\/02\/PLANO-1-300x153.jpg 300w, https:\/\/web.morosycristianosdeaspe.es\/wp-content\/uploads\/2017\/02\/PLANO-1-690x352.jpg 690w, https:\/\/web.morosycristianosdeaspe.es\/wp-content\/uploads\/2017\/02\/PLANO-1.jpg 709w\" sizes=\"auto, (max-width: 557px) 100vw, 557px\" \/><\/a><\/p>\n<h4>\u25fe&nbsp;<strong>Bando Moro:<\/strong><\/h4>\n<h4><strong><a href=\"https:\/\/web.morosycristianosdeaspe.es\/wp-content\/uploads\/2017\/02\/bando-moro.jpg\"><img loading=\"lazy\" decoding=\"async\" class=\"wp-image-1816 alignnone\" src=\"https:\/\/web.morosycristianosdeaspe.es\/wp-content\/uploads\/2017\/02\/bando-moro-300x62.jpg\" alt=\"\" width=\"551\" height=\"114\" srcset=\"https:\/\/web.morosycristianosdeaspe.es\/wp-content\/uploads\/2017\/02\/bando-moro-300x62.jpg 300w, https:\/\/web.morosycristianosdeaspe.es\/wp-content\/uploads\/2017\/02\/bando-moro.jpg 622w\" sizes=\"auto, (max-width: 551px) 100vw, 551px\" \/><\/a><\/strong><\/h4>\n<p>&nbsp;<\/p>\n<h4>\u25fe&nbsp;<strong>Bando&nbsp;Cristiano:<\/strong><\/h4>\n<p><a href=\"https:\/\/web.morosycristianosdeaspe.es\/wp-content\/uploads\/2017\/02\/bando-cristiano.jpg\"><img loading=\"lazy\" decoding=\"async\" class=\" wp-image-1815 alignnone\" src=\"https:\/\/web.morosycristianosdeaspe.es\/wp-content\/uploads\/2017\/02\/bando-cristiano-300x59.jpg\" alt=\"\" width=\"569\" height=\"112\" srcset=\"https:\/\/web.morosycristianosdeaspe.es\/wp-content\/uploads\/2017\/02\/bando-cristiano-300x59.jpg 300w, https:\/\/web.morosycristianosdeaspe.es\/wp-content\/uploads\/2017\/02\/bando-cristiano.jpg 630w\" sizes=\"auto, (max-width: 569px) 100vw, 569px\" \/><\/a><\/p>\n<h3>\u25b6&nbsp; <span style=\"color: #ff9900;\">Protocolo de actuaci\u00f3n &nbsp;de las diferentes comparsas:<\/span><\/h3>\n<p>Las comparsas har\u00e1n el desfile con pasodoble,&nbsp; al llegar a la Av. De la Constituci\u00f3n (Banco de Sabadell) &nbsp;se cambiara: El Bando moro a marcha mora y el Bando cristiano a marcha cristiana o pasodoble.<\/p>\n<p>Cuando lleguemos a la Plaza Mayor los Sultanes Y Reyes se quedaran en la puerta del Ayuntamiento Viejo. (Sultanes a la izquierda y Reyes a la derecha) Los Capitanes y Abanderadas se ir\u00e1n quedando al lado de sus cargos, cuando termine el desfile los cargos pasaran al centro del pasillo para mover las banderas. Los festeros de cada bando seguir\u00e1n por el pasillo que se har\u00e1 con vallas hasta ponerse detr\u00e1s de ellas (Bando moro Y Bando cristiano delante del Ankara). Las bandas de m\u00fasica se ir\u00e1n conforme lleguen delante &nbsp;del Ayuntamiento Nuevo &nbsp;para una vez terminado el desfile todas las bandas juntas &nbsp;tocar la <u>MARCHA MORA SISCO<\/u> y el <u>PASODOBLE XABIA<\/u> &nbsp;para dar por concluido el acto.<\/p>\n<p>&nbsp;<\/p>\n<p><a href=\"https:\/\/web.morosycristianosdeaspe.es\/wp-content\/uploads\/2017\/02\/protocolo.jpg\"><img loading=\"lazy\" decoding=\"async\" class=\" wp-image-1820 aligncenter\" src=\"https:\/\/web.morosycristianosdeaspe.es\/wp-content\/uploads\/2017\/02\/protocolo-300x221.jpg\" alt=\"\" width=\"362\" height=\"267\" srcset=\"https:\/\/web.morosycristianosdeaspe.es\/wp-content\/uploads\/2017\/02\/protocolo-300x221.jpg 300w, https:\/\/web.morosycristianosdeaspe.es\/wp-content\/uploads\/2017\/02\/protocolo.jpg 600w\" sizes=\"auto, (max-width: 362px) 100vw, 362px\" \/><\/a><\/p>\n<h3>\u25b6&nbsp;&nbsp;<span style=\"color: #ff9900;\">Orden de las comparsas<\/span><\/h3>\n<ol>\n<li style=\"text-align: left;\"><em>Banderas de la junta central.<\/em><\/li>\n<li style=\"text-align: left;\"><em>Autoridades y Embajadores.<\/em><\/li>\n<li style=\"text-align: left;\"><em>Reyes y Sultanes.<\/em><\/li>\n<li style=\"text-align: left;\"><em>Banda de m\u00fasica<\/em><br \/>\n<hr>\n<\/li>\n<li style=\"text-align: left;\"><em>Fauqu\u00edes<\/em><\/li>\n<li style=\"text-align: left;\"><em>Aljau<\/em><\/li>\n<li style=\"text-align: left;\"><em>Alcan\u00e1<\/em><\/li>\n<li style=\"text-align: left;\"><em>Sulaym\u00e1n.<\/em><\/li>\n<li style=\"text-align: left;\">\n<hr>\n<p><em>Contrabandistas de la Sierra Negra<\/em><\/li>\n<li style=\"text-align: left;\"><em>Lanceros de Uchel<\/em><\/li>\n<li style=\"text-align: left;\"><em>Duque de Maqueda<\/em><\/li>\n<li style=\"text-align: left;\"><em>Estudiantes.<\/em><\/li>\n<\/ol>\n<p>&nbsp;<\/p>\n<h3><span style=\"color: #800000;\">RETRETA<\/span><\/h3>\n<h3>&#x1f4c5;&nbsp;S\u00e1bado 4 de marzo de 2017<\/h3>\n<h3>\u23f0&nbsp;Hora de concentraci\u00f3n: 21:15 h.<\/h3>\n<h3>&#x1f4cd;&nbsp;<strong>Itinerario:&nbsp;<\/strong><em>Colon, Sol, Santa Faz, Parque Dr. Calatayud, Pedro Galipienso y Rotonda.<\/em><\/h3>\n<h3>\u25b6&nbsp;&nbsp;<span style=\"color: #993300;\">Orden de las comparsas<\/span><\/h3>\n<ol>\n<li style=\"text-align: left;\"><em>Fauqu\u00edes<\/em><\/li>\n<li style=\"text-align: left;\"><em>Aljau<\/em><\/li>\n<li style=\"text-align: left;\"><em>Alcan\u00e1<\/em><\/li>\n<li style=\"text-align: left;\"><em>Sulaym\u00e1n.<\/em><\/li>\n<li style=\"text-align: left;\">\n<hr>\n<p><em>Contrabandistas de la Sierra Negra<\/em><\/li>\n<li style=\"text-align: left;\"><em>Lanceros de Uchel<\/em><\/li>\n<li style=\"text-align: left;\"><em>Duque de Maqueda<\/em><\/li>\n<li style=\"text-align: left;\"><em>Estudiantes.<\/em><\/li>\n<\/ol>\n","protected":false},"excerpt":{"rendered":"<p>&#x1f538;&nbsp;PLANIFICACI\u00d3N DE LA MEDIA FIESTA&nbsp;&#x1f538; ENTRADA DE BANDAS &#x1f4c5;&nbsp;S\u00e1bado 4 de marzo de 2017 \u23f0&nbsp;Hora de concentraci\u00f3n: 18:15 h. &#x1f4cd;&nbsp;Itinerario: Dr. Mara\u00f1\u00f3n, Parque Dr. Calatayud, Mercado\/ Parque Dr. Calatayud, Pedro Galipienso, Av. Constituci\u00f3n, Arco del Ayuntamiento y Plaza Mayor. PLANO DE SALIDA&nbsp; \u25fe&nbsp;Bando Moro: &nbsp; \u25fe&nbsp;Bando&nbsp;Cristiano: \u25b6&nbsp; Protocolo de actuaci\u00f3n &nbsp;de las diferentes comparsas: Las [&hellip;]<\/p>\n","protected":false},"author":1,"featured_media":0,"comment_status":"closed","ping_status":"closed","sticky":false,"template":"","format":"standard","meta":{"footnotes":""},"categories":[1],"tags":[],"class_list":["post-1809","post","type-post","status-publish","format-standard","hentry","category-nocat"],"_links":{"self":[{"href":"https:\/\/web.morosycristianosdeaspe.es\/index.php?rest_route=\/wp\/v2\/posts\/1809","targetHints":{"allow":["GET"]}}],"collection":[{"href":"https:\/\/web.morosycristianosdeaspe.es\/index.php?rest_route=\/wp\/v2\/posts"}],"about":[{"href":"https:\/\/web.morosycristianosdeaspe.es\/index.php?rest_route=\/wp\/v2\/types\/post"}],"author":[{"embeddable":true,"href":"https:\/\/web.morosycristianosdeaspe.es\/index.php?rest_route=\/wp\/v2\/users\/1"}],"replies":[{"embeddable":true,"href":"https:\/\/web.morosycristianosdeaspe.es\/index.php?rest_route=%2Fwp%2Fv2%2Fcomments&post=1809"}],"version-history":[{"count":8,"href":"https:\/\/web.morosycristianosdeaspe.es\/index.php?rest_route=\/wp\/v2\/posts\/1809\/revisions"}],"predecessor-version":[{"id":1952,"href":"https:\/\/web.morosycristianosdeaspe.es\/index.php?rest_route=\/wp\/v2\/posts\/1809\/revisions\/1952"}],"wp:attachment":[{"href":"https:\/\/web.morosycristianosdeaspe.es\/index.php?rest_route=%2Fwp%2Fv2%2Fmedia&parent=1809"}],"wp:term":[{"taxonomy":"category","embeddable":true,"href":"https:\/\/web.morosycristianosdeaspe.es\/index.php?rest_route=%2Fwp%2Fv2%2Fcategories&post=1809"},{"taxonomy":"post_tag","embeddable":true,"href":"https:\/\/web.morosycristianosdeaspe.es\/index.php?rest_route=%2Fwp%2Fv2%2Ftags&post=1809"}],"curies":[{"name":"wp","href":"https:\/\/api.w.org\/{rel}","templated":true}]}}