{"id":1888,"date":"2017-07-17T12:01:39","date_gmt":"2017-07-17T11:01:39","guid":{"rendered":"http:\/\/web.morosycristianosdeaspe.es\/?p=1888"},"modified":"2017-07-17T13:26:26","modified_gmt":"2017-07-17T12:26:26","slug":"presentacion-de-la-revista-aspis","status":"publish","type":"post","link":"https:\/\/web.morosycristianosdeaspe.es\/?p=1888","title":{"rendered":"Presentaci\u00f3n de la Revista Aspis"},"content":{"rendered":"<p>A falta de la presentaci\u00f3n individual de cargos festeros de una sola comparsa de las ocho que forman parte de la fiesta de Moros y Cristianos de Aspe, este <span style=\"color: #800000;\"><strong>viernes d\u00eda 21 de julio&nbsp;&#x1f4c5;<\/strong><\/span> tendr\u00e1 lugar la <span style=\"color: #800000;\"><strong>presentaci\u00f3n de la Revista Aspis<\/strong><\/span>, publicaci\u00f3n bienal de la <span style=\"color: #800000;\"><strong>Uni\u00f3n de Moros y Cristianos Virgen de las Nieves<\/strong><\/span>, de cara a las celebraciones festeras del pr\u00f3ximo mes de agosto.&nbsp;<\/p>\n<p>&nbsp;<\/p>\n<p>La presentaci\u00f3n tendr\u00e1 lugar en el <strong><span style=\"color: #800000;\">Teatro Wagner de Aspe<\/span>&nbsp;&#x1f4cd;<\/strong>, a las <strong><span style=\"color: #800000;\">21:00 horas<\/span>&nbsp;\u23f0<\/strong>, y ser\u00e1 presentada por su director, Rafael And\u00fajar (Tito), contando con la colaboraci\u00f3n de la concejal\u00eda de Fiestas y la concejal\u00eda de Cultura.<\/p>\n<div class=\"td-a-rec td-a-rec-id-content_inline \">&nbsp;<\/div>\n<h3 style=\"text-align: center;\"><span style=\"color: #800000;\"><strong>\u00a1OS ESPERAMOS A TODOS!<\/strong><\/span><\/h3>\n<p><a href=\"https:\/\/web.morosycristianosdeaspe.es\/wp-content\/uploads\/2017\/07\/Presentaci\u00f3n-revista-2017.jpg\"><img loading=\"lazy\" decoding=\"async\" class=\" wp-image-1890 aligncenter\" src=\"https:\/\/web.morosycristianosdeaspe.es\/wp-content\/uploads\/2017\/07\/Presentaci\u00f3n-revista-2017-300x225.jpg\" alt=\"\" width=\"497\" height=\"372\" srcset=\"https:\/\/web.morosycristianosdeaspe.es\/wp-content\/uploads\/2017\/07\/Presentaci\u00f3n-revista-2017-300x225.jpg 300w, https:\/\/web.morosycristianosdeaspe.es\/wp-content\/uploads\/2017\/07\/Presentaci\u00f3n-revista-2017-768x576.jpg 768w, https:\/\/web.morosycristianosdeaspe.es\/wp-content\/uploads\/2017\/07\/Presentaci\u00f3n-revista-2017.jpg 1024w, https:\/\/web.morosycristianosdeaspe.es\/wp-content\/uploads\/2017\/07\/Presentaci\u00f3n-revista-2017-690x518.jpg 690w, https:\/\/web.morosycristianosdeaspe.es\/wp-content\/uploads\/2017\/07\/Presentaci\u00f3n-revista-2017-980x735.jpg 980w\" sizes=\"auto, (max-width: 497px) 100vw, 497px\" \/><\/a><\/p>\n","protected":false},"excerpt":{"rendered":"<p>A falta de la presentaci\u00f3n individual de cargos festeros de una sola comparsa de las ocho que forman parte de la fiesta de Moros y Cristianos de Aspe, este viernes d\u00eda 21 de julio&nbsp;&#x1f4c5; tendr\u00e1 lugar la presentaci\u00f3n de la Revista Aspis, publicaci\u00f3n bienal de la Uni\u00f3n de Moros y Cristianos Virgen de las Nieves, [&hellip;]<\/p>\n","protected":false},"author":1,"featured_media":0,"comment_status":"closed","ping_status":"closed","sticky":false,"template":"","format":"standard","meta":{"footnotes":""},"categories":[1],"tags":[],"class_list":["post-1888","post","type-post","status-publish","format-standard","hentry","category-nocat"],"_links":{"self":[{"href":"https:\/\/web.morosycristianosdeaspe.es\/index.php?rest_route=\/wp\/v2\/posts\/1888","targetHints":{"allow":["GET"]}}],"collection":[{"href":"https:\/\/web.morosycristianosdeaspe.es\/index.php?rest_route=\/wp\/v2\/posts"}],"about":[{"href":"https:\/\/web.morosycristianosdeaspe.es\/index.php?rest_route=\/wp\/v2\/types\/post"}],"author":[{"embeddable":true,"href":"https:\/\/web.morosycristianosdeaspe.es\/index.php?rest_route=\/wp\/v2\/users\/1"}],"replies":[{"embeddable":true,"href":"https:\/\/web.morosycristianosdeaspe.es\/index.php?rest_route=%2Fwp%2Fv2%2Fcomments&post=1888"}],"version-history":[{"count":8,"href":"https:\/\/web.morosycristianosdeaspe.es\/index.php?rest_route=\/wp\/v2\/posts\/1888\/revisions"}],"predecessor-version":[{"id":1898,"href":"https:\/\/web.morosycristianosdeaspe.es\/index.php?rest_route=\/wp\/v2\/posts\/1888\/revisions\/1898"}],"wp:attachment":[{"href":"https:\/\/web.morosycristianosdeaspe.es\/index.php?rest_route=%2Fwp%2Fv2%2Fmedia&parent=1888"}],"wp:term":[{"taxonomy":"category","embeddable":true,"href":"https:\/\/web.morosycristianosdeaspe.es\/index.php?rest_route=%2Fwp%2Fv2%2Fcategories&post=1888"},{"taxonomy":"post_tag","embeddable":true,"href":"https:\/\/web.morosycristianosdeaspe.es\/index.php?rest_route=%2Fwp%2Fv2%2Ftags&post=1888"}],"curies":[{"name":"wp","href":"https:\/\/api.w.org\/{rel}","templated":true}]}}