{"id":1899,"date":"2017-08-04T19:10:35","date_gmt":"2017-08-04T18:10:35","guid":{"rendered":"http:\/\/web.morosycristianosdeaspe.es\/?p=1899"},"modified":"2017-08-04T19:13:46","modified_gmt":"2017-08-04T18:13:46","slug":"programa-de-fiestas-2017","status":"publish","type":"post","link":"https:\/\/web.morosycristianosdeaspe.es\/?p=1899","title":{"rendered":"Programa de fiestas 2017"},"content":{"rendered":"<h4>Ya est\u00e1 disponible en nuestra p\u00e1gina web el <span style=\"color: #ff0000;\"><strong>programa de actos<\/strong><\/span> de las Fiestas de Moros y Cristianos 2017, que abarcan desde el d\u00eda 7 hasta el d\u00eda 10 de agosto.<\/h4>\n<h4>Est\u00e1 clasificado por d\u00edas y actos, y adem\u00e1s se podr\u00e1 consultar el orden de las comparsas de los desfiles correspondientes a los d\u00edas 8 y 10 de agosto.<\/h4>\n<h4>Para consultarlo y\/o descargarlo en PDF pincha&nbsp;\u27a1&nbsp;&nbsp;<span style=\"color: #ff0000;\"><a href=\"https:\/\/web.morosycristianosdeaspe.es\/wp-content\/uploads\/2017\/08\/PAC-MOROS-ASPE-17.pdf\">AQU\u00cd<\/a>&nbsp;<\/span><\/h4>\n","protected":false},"excerpt":{"rendered":"<p>Ya est\u00e1 disponible en nuestra p\u00e1gina web el programa de actos de las Fiestas de Moros y Cristianos 2017, que abarcan desde el d\u00eda 7 hasta el d\u00eda 10 de agosto. Est\u00e1 clasificado por d\u00edas y actos, y adem\u00e1s se podr\u00e1 consultar el orden de las comparsas de los desfiles correspondientes a los d\u00edas 8 [&hellip;]<\/p>\n","protected":false},"author":1,"featured_media":0,"comment_status":"closed","ping_status":"closed","sticky":false,"template":"","format":"standard","meta":{"footnotes":""},"categories":[1],"tags":[],"class_list":["post-1899","post","type-post","status-publish","format-standard","hentry","category-nocat"],"_links":{"self":[{"href":"https:\/\/web.morosycristianosdeaspe.es\/index.php?rest_route=\/wp\/v2\/posts\/1899","targetHints":{"allow":["GET"]}}],"collection":[{"href":"https:\/\/web.morosycristianosdeaspe.es\/index.php?rest_route=\/wp\/v2\/posts"}],"about":[{"href":"https:\/\/web.morosycristianosdeaspe.es\/index.php?rest_route=\/wp\/v2\/types\/post"}],"author":[{"embeddable":true,"href":"https:\/\/web.morosycristianosdeaspe.es\/index.php?rest_route=\/wp\/v2\/users\/1"}],"replies":[{"embeddable":true,"href":"https:\/\/web.morosycristianosdeaspe.es\/index.php?rest_route=%2Fwp%2Fv2%2Fcomments&post=1899"}],"version-history":[{"count":2,"href":"https:\/\/web.morosycristianosdeaspe.es\/index.php?rest_route=\/wp\/v2\/posts\/1899\/revisions"}],"predecessor-version":[{"id":1903,"href":"https:\/\/web.morosycristianosdeaspe.es\/index.php?rest_route=\/wp\/v2\/posts\/1899\/revisions\/1903"}],"wp:attachment":[{"href":"https:\/\/web.morosycristianosdeaspe.es\/index.php?rest_route=%2Fwp%2Fv2%2Fmedia&parent=1899"}],"wp:term":[{"taxonomy":"category","embeddable":true,"href":"https:\/\/web.morosycristianosdeaspe.es\/index.php?rest_route=%2Fwp%2Fv2%2Fcategories&post=1899"},{"taxonomy":"post_tag","embeddable":true,"href":"https:\/\/web.morosycristianosdeaspe.es\/index.php?rest_route=%2Fwp%2Fv2%2Ftags&post=1899"}],"curies":[{"name":"wp","href":"https:\/\/api.w.org\/{rel}","templated":true}]}}