{"id":19,"date":"2013-02-17T08:21:49","date_gmt":"2013-02-17T06:21:49","guid":{"rendered":"http:\/\/noticias.morosycristianosdeaspe.es\/?p=19"},"modified":"2013-06-06T09:38:05","modified_gmt":"2013-06-06T07:38:05","slug":"nombramiento-de-miembros-honorificos-de-undef-2013","status":"publish","type":"post","link":"https:\/\/web.morosycristianosdeaspe.es\/?p=19","title":{"rendered":"Nombramiento de MIEMBROS HONORIFICOS DE UNDEF 2013"},"content":{"rendered":"<p>La Asamblea Generar Extraordinaria de la UNDEF, celebrada en Bayeres de Mariola el d\u00eda 17 de Febreros de 2013, acord\u00f3 nombrar MIEMBROS HONOR\u00cdFICOS DE LA UNDEF 2013 a dos festeros de nuestra Fiesta: D\u00aa. Isabel Pastor Soler, de la <a title=\"Comparsa Moros Sulaym\u00e1n de Aspe\" href=\"http:\/\/sulayman-aspe.blogspot.com.es\/\" target=\"_blank\">Comparsa Moros Sulaym\u00e1n<\/a> y a D. Alfredo Garc\u00eda Cerd\u00e1n, de la Comparsa Estudiantes.<\/p>\n<p>Nadie puede negar el trabajo y empe\u00f1o que ambas personas ha dedicado a las Fiestas de Moros y Cristianos de Aspe, en sus comparsas y en la Junta Central.<\/p>\n<p>\u00a1\u00a1\u00a1Enhorabuena a los dos!!!<\/p>\n","protected":false},"excerpt":{"rendered":"<p>La Asamblea Generar Extraordinaria de la UNDEF, celebrada en Bayeres de Mariola el d\u00eda 17 de Febreros de 2013, acord\u00f3 nombrar MIEMBROS HONOR\u00cdFICOS DE LA UNDEF 2013 a dos festeros de nuestra Fiesta: D\u00aa. Isabel Pastor Soler, de la Comparsa Moros Sulaym\u00e1n y a D. Alfredo Garc\u00eda Cerd\u00e1n, de la Comparsa Estudiantes. Nadie puede negar [&hellip;]<\/p>\n","protected":false},"author":1,"featured_media":0,"comment_status":"closed","ping_status":"closed","sticky":false,"template":"","format":"standard","meta":{"footnotes":""},"categories":[3],"tags":[14],"class_list":["post-19","post","type-post","status-publish","format-standard","hentry","category-noticia-general","tag-undef"],"_links":{"self":[{"href":"https:\/\/web.morosycristianosdeaspe.es\/index.php?rest_route=\/wp\/v2\/posts\/19","targetHints":{"allow":["GET"]}}],"collection":[{"href":"https:\/\/web.morosycristianosdeaspe.es\/index.php?rest_route=\/wp\/v2\/posts"}],"about":[{"href":"https:\/\/web.morosycristianosdeaspe.es\/index.php?rest_route=\/wp\/v2\/types\/post"}],"author":[{"embeddable":true,"href":"https:\/\/web.morosycristianosdeaspe.es\/index.php?rest_route=\/wp\/v2\/users\/1"}],"replies":[{"embeddable":true,"href":"https:\/\/web.morosycristianosdeaspe.es\/index.php?rest_route=%2Fwp%2Fv2%2Fcomments&post=19"}],"version-history":[{"count":3,"href":"https:\/\/web.morosycristianosdeaspe.es\/index.php?rest_route=\/wp\/v2\/posts\/19\/revisions"}],"predecessor-version":[{"id":260,"href":"https:\/\/web.morosycristianosdeaspe.es\/index.php?rest_route=\/wp\/v2\/posts\/19\/revisions\/260"}],"wp:attachment":[{"href":"https:\/\/web.morosycristianosdeaspe.es\/index.php?rest_route=%2Fwp%2Fv2%2Fmedia&parent=19"}],"wp:term":[{"taxonomy":"category","embeddable":true,"href":"https:\/\/web.morosycristianosdeaspe.es\/index.php?rest_route=%2Fwp%2Fv2%2Fcategories&post=19"},{"taxonomy":"post_tag","embeddable":true,"href":"https:\/\/web.morosycristianosdeaspe.es\/index.php?rest_route=%2Fwp%2Fv2%2Ftags&post=19"}],"curies":[{"name":"wp","href":"https:\/\/api.w.org\/{rel}","templated":true}]}}