{"id":1932,"date":"2017-09-26T10:55:13","date_gmt":"2017-09-26T09:55:13","guid":{"rendered":"http:\/\/web.morosycristianosdeaspe.es\/?p=1932"},"modified":"2017-09-26T11:00:00","modified_gmt":"2017-09-26T10:00:00","slug":"actos-y-horarios-torrijos-2017","status":"publish","type":"post","link":"https:\/\/web.morosycristianosdeaspe.es\/?p=1932","title":{"rendered":"Actos y horarios Torrijos 2017"},"content":{"rendered":"<h3><strong>&#x1f539;&nbsp;<span style=\"color: #000080;\"><span style=\"color: #003366;\">VIERNES 29 DE SEPTIEMBRE<\/span>&nbsp;<\/span>&#x1f539;<\/strong><br \/>\n\u2714&nbsp;<span style=\"color: #800000;\"><strong>Desfile de Bienvenida \u201cEntraeta\u201d<\/strong><\/span><br \/>\n&#x1f4cd;Lugar de salida: Plaza de Espa\u00f1a<br \/>\n\u23f0&nbsp;Hora de salida: 21:00 h.<br \/>\n&#x1f504;&nbsp;Recorrido: Plaza de Espa\u00f1a, Calle Manuel Benayas, Avenida de la Estaci\u00f3n y Parque Arcos de Toledo<\/h3>\n<h3>&nbsp;<\/h3>\n<h3><strong>&#x1f539;<span style=\"color: #003366;\">S\u00c1BADO 30 DE SEPTIEMBRE<\/span>&#x1f539;<a href=\"https:\/\/web.morosycristianosdeaspe.es\/wp-content\/uploads\/2017\/09\/horarios-Torrijos.pdf\">horarios Torrijos<\/a><\/strong><br \/>\n\u2714<span style=\"color: #800000;\"><strong>Desayuno<\/strong><\/span><br \/>\n&#x1f4cd;Lugar: Pabell\u00f3n<br \/>\n\u23f0&nbsp;Hora: de 7:30 h. a 9:30 h.<\/h3>\n<h3>\u2714<strong><span style=\"color: #800000;\">Desfile y Embajada<\/span><\/strong><br \/>\n\u23f0&nbsp;9:00 h., entrega de los trajes en el pabell\u00f3n y empezar a vestirse. Al finalizar de cambiarse, traslado en autob\u00fas de festejos al inicio del Desfile de la Embajada.<\/h3>\n<h3>\u23f0&nbsp;11:00 h., salida del Desfile de la Embajada hacia el Palacio de Pedro I.<br \/>\n&#x1f504;&nbsp;Recorrido: Parque Arcos de Toledo, Calle Ambrosio Ballesteros, Calle del Cristo, Calle San Juan, Calle<br \/>\nCuevas, San Gil, Vistillas y Patio del Palacio de Pedro I.<\/h3>\n<h3>\u23f0&nbsp;12:00 h., Embajada en el Patio del Palacio de Pedro I.<br \/>\nAl finalizar la Embajada, degustaci\u00f3n de palomas.<\/h3>\n<h3>\u2714&nbsp;<span style=\"color: #800000;\"><strong>Comida de convivencia<\/strong><\/span><br \/>\n\u23f0&nbsp;14:00 h., en el Pabell\u00f3n.<\/h3>\n<h3>\u2714&nbsp;<span style=\"color: #800000;\"><strong>Desfile general<\/strong><\/span><br \/>\n\u23f0&nbsp;20:00 h., en el Pabell\u00f3n para empezar a vestirse.<br \/>\n\u23f0&nbsp;21:30 h., traslado en autob\u00fas de festejos haca el punto de salida del desfile.<br \/>\n\u23f0&nbsp;22:00 h., salida del Desfile.<br \/>\n&#x1f504;&nbsp;Recorrido: Avenida de la Estaci\u00f3n (desde la Plaza de los Descubrimientos), hasta Calle Eras de San<br \/>\nFrancisco (frente a la Escuela de M\u00fasica).<br \/>\nAl finalizar el desfile, la Banda Municipal interpretar\u00e1 el Himno de la Fiesta para cantarlo junto a los<br \/>\nfesteros de Torrijos.<br \/>\nAl finalizar el himno, vuelta al Pabell\u00f3n donde habr\u00e1 preparada una cena fr\u00eda para todos los<br \/>\nfesteros.<\/h3>\n<h3>&#x1f539;&nbsp;<strong><span style=\"color: #003366;\">DOMINGO 1 DE OCTUBRE<\/span><\/strong>&nbsp;&#x1f539;<br \/>\n\u23f0&nbsp;De 7:30 h. a 9:30 h. desayuno en el pabell\u00f3n.<br \/>\n\u23f0&nbsp;12:00 h., vuelta en autob\u00fas.<\/h3>\n<h3><span style=\"color: #ff0000;\"><strong>SE RUEGA PUNTUALIDAD A TODOS LOS ACTOS<\/strong><\/span><\/h3>\n<p>&nbsp;<\/p>\n<p>PARA DESCARGAR EL HORARIO EN FORMATO PDF, HAZLO A TRAV\u00c9S DEL SIGUIENTE ENLACE<\/p>\n<p>\u2b07\u2b07\u2b07\u2b07\u2b07\u2b07\u2b07\u2b07\u2b07\u2b07\u2b07\u2b07\u2b07<\/p>\n<p><a href=\"https:\/\/web.morosycristianosdeaspe.es\/wp-content\/uploads\/2017\/09\/horarios-Torrijos.pdf\" target=\"_blank\" rel=\"noopener\">Actos y horarios Torrijos 2017<\/a><\/p>\n","protected":false},"excerpt":{"rendered":"<p>&#x1f539;&nbsp;VIERNES 29 DE SEPTIEMBRE&nbsp;&#x1f539; \u2714&nbsp;Desfile de Bienvenida \u201cEntraeta\u201d &#x1f4cd;Lugar de salida: Plaza de Espa\u00f1a \u23f0&nbsp;Hora de salida: 21:00 h. &#x1f504;&nbsp;Recorrido: Plaza de Espa\u00f1a, Calle Manuel Benayas, Avenida de la Estaci\u00f3n y Parque Arcos de Toledo &nbsp; &#x1f539;S\u00c1BADO 30 DE SEPTIEMBRE&#x1f539;horarios Torrijos \u2714Desayuno &#x1f4cd;Lugar: Pabell\u00f3n \u23f0&nbsp;Hora: de 7:30 h. a 9:30 h. \u2714Desfile y Embajada \u23f0&nbsp;9:00 [&hellip;]<\/p>\n","protected":false},"author":1,"featured_media":0,"comment_status":"closed","ping_status":"closed","sticky":false,"template":"","format":"standard","meta":{"footnotes":""},"categories":[1],"tags":[],"class_list":["post-1932","post","type-post","status-publish","format-standard","hentry","category-nocat"],"_links":{"self":[{"href":"https:\/\/web.morosycristianosdeaspe.es\/index.php?rest_route=\/wp\/v2\/posts\/1932","targetHints":{"allow":["GET"]}}],"collection":[{"href":"https:\/\/web.morosycristianosdeaspe.es\/index.php?rest_route=\/wp\/v2\/posts"}],"about":[{"href":"https:\/\/web.morosycristianosdeaspe.es\/index.php?rest_route=\/wp\/v2\/types\/post"}],"author":[{"embeddable":true,"href":"https:\/\/web.morosycristianosdeaspe.es\/index.php?rest_route=\/wp\/v2\/users\/1"}],"replies":[{"embeddable":true,"href":"https:\/\/web.morosycristianosdeaspe.es\/index.php?rest_route=%2Fwp%2Fv2%2Fcomments&post=1932"}],"version-history":[{"count":10,"href":"https:\/\/web.morosycristianosdeaspe.es\/index.php?rest_route=\/wp\/v2\/posts\/1932\/revisions"}],"predecessor-version":[{"id":1943,"href":"https:\/\/web.morosycristianosdeaspe.es\/index.php?rest_route=\/wp\/v2\/posts\/1932\/revisions\/1943"}],"wp:attachment":[{"href":"https:\/\/web.morosycristianosdeaspe.es\/index.php?rest_route=%2Fwp%2Fv2%2Fmedia&parent=1932"}],"wp:term":[{"taxonomy":"category","embeddable":true,"href":"https:\/\/web.morosycristianosdeaspe.es\/index.php?rest_route=%2Fwp%2Fv2%2Fcategories&post=1932"},{"taxonomy":"post_tag","embeddable":true,"href":"https:\/\/web.morosycristianosdeaspe.es\/index.php?rest_route=%2Fwp%2Fv2%2Ftags&post=1932"}],"curies":[{"name":"wp","href":"https:\/\/api.w.org\/{rel}","templated":true}]}}