{"id":1951,"date":"2018-02-19T19:31:28","date_gmt":"2018-02-19T18:31:28","guid":{"rendered":"http:\/\/web.morosycristianosdeaspe.es\/?p=1951"},"modified":"2018-02-19T20:40:02","modified_gmt":"2018-02-19T19:40:02","slug":"media-fiesta-2018-24-de-febrero-de-2018","status":"publish","type":"post","link":"https:\/\/web.morosycristianosdeaspe.es\/?p=1951","title":{"rendered":"MEDIA FIESTA 2018 &#8211; 24 de febrero de 2018"},"content":{"rendered":"<h2 style=\"text-align: center;\"><strong>&#x1f538;&nbsp;<span style=\"color: #800000;\">PLANIFICACI\u00d3N DE LA MEDIA FIESTA<\/span>&nbsp;&#x1f538;<\/strong><\/h2>\n<h3><span style=\"color: #ff9900;\">PASACALLES FESTERO<\/span><\/h3>\n<h3>&#x1f4c5;&nbsp;S\u00e1bado 24 de febrero de 2018<\/h3>\n<h3>&#x23f0;&nbsp;Hora de concentraci\u00f3n: 11:45 h.<\/h3>\n<h3>&#x1f4cd;&nbsp;<strong>Itinerario:<\/strong> <em>San Pedro, Francisco Candela, Plaza Mayor, Sacramento, Parque Dr. Calatayud,<\/em><br \/>\n<em>Mercado\/ Parque Dr. Calatayud, Sacramento, Plaza Mayor.<\/em><\/h3>\n<h3>&#x1f539;&nbsp;Protocolo de actuaciones:&nbsp;Pasacalles festero por las calles del pueblo, con la asistencia de todos los Cargos festeros con su banda. Al finalizar el pasacalle en la Plaza Mayor habr\u00e1 un picoteo.<\/h3>\n<p>&nbsp;<\/p>\n<h3><span style=\"color: #ff9900;\">ENTRADA DE BANDAS<\/span><\/h3>\n<h3>&#x1f4c5;&nbsp;S\u00e1bado 24 de febrero de 2018<\/h3>\n<h3>&#x23f0;&nbsp;Hora de concentraci\u00f3n: 18:15 h.<\/h3>\n<h3>&#x1f4cd;&nbsp;<strong>Itinerario:<\/strong><em> Dr. Mara\u00f1\u00f3n, Parque Dr. Calatayud, Mercado\/ Parque Dr. Calatayud, Pedro<\/em><br \/>\n<em>Galipienso, Av. Constituci\u00f3n, Arco del Ayuntamiento y Plaza Mayor.<\/em><\/h3>\n<h2 style=\"text-align: center;\"><span style=\"color: #ff9900;\">PLANO DE SALIDA<\/span>&nbsp;<\/h2>\n<p><a href=\"https:\/\/web.morosycristianosdeaspe.es\/wp-content\/uploads\/2018\/02\/Sin-t\u00edtulo.png\"><img loading=\"lazy\" decoding=\"async\" class=\" wp-image-1954 aligncenter\" src=\"https:\/\/web.morosycristianosdeaspe.es\/wp-content\/uploads\/2018\/02\/Sin-t\u00edtulo-300x168.png\" alt=\"\" width=\"434\" height=\"243\" srcset=\"https:\/\/web.morosycristianosdeaspe.es\/wp-content\/uploads\/2018\/02\/Sin-t\u00edtulo-300x168.png 300w, https:\/\/web.morosycristianosdeaspe.es\/wp-content\/uploads\/2018\/02\/Sin-t\u00edtulo.png 606w\" sizes=\"auto, (max-width: 434px) 100vw, 434px\" \/><\/a><\/p>\n<p><a href=\"https:\/\/web.morosycristianosdeaspe.es\/wp-content\/uploads\/2018\/02\/2.png\"><img loading=\"lazy\" decoding=\"async\" class=\"wp-image-1953 aligncenter\" src=\"https:\/\/web.morosycristianosdeaspe.es\/wp-content\/uploads\/2018\/02\/2-300x162.png\" alt=\"\" width=\"463\" height=\"250\" srcset=\"https:\/\/web.morosycristianosdeaspe.es\/wp-content\/uploads\/2018\/02\/2-300x162.png 300w, https:\/\/web.morosycristianosdeaspe.es\/wp-content\/uploads\/2018\/02\/2.png 578w\" sizes=\"auto, (max-width: 463px) 100vw, 463px\" \/><\/a><\/p>\n<h3>&nbsp;<\/h3>\n<h3>&#x25b6;&nbsp; <span style=\"color: #ff9900;\">Protocolo de actuaci\u00f3n &nbsp;de las diferentes comparsas:<\/span><\/h3>\n<p>Las comparsas har\u00e1n el desfile con pasodoble, al llegar a la Av. De la Constituci\u00f3n (Banco de Sabadell) se cambiara: El Bando moro a marcha mora y el Bando cristiano a marcha cristiana o pasodoble.<br \/>\nCuando lleguemos a la Plaza Mayor los Sultanes Y Reyes se quedaran en la puerta del Ayuntamiento Viejo. (Sultanes a la izquierda y Reyes a la derecha) Los Capitanes y Abanderadas se ir\u00e1n quedando al lado de sus cargos, cuando termine el desfile los cargos<br \/>\npasaran al centro del pasillo para mover las banderas. Los festeros de cada bando se meter\u00e1n por los laterales que se har\u00e1 con vallas hasta ponerse detr\u00e1s de ellas (Bando cristiano delante del Ankara y Bando Moro delante del Ayuntamiento). Las bandas de m\u00fasica se ir\u00e1n conforme lleguen delante del Casino para una vez terminado el desfile todas las bandas juntas tocar la MARCHA MORA \u201cEL PRESIDENT\u201d y el PASODOBLE \u201cL\u2019ENTRA\u201d para dar por concluido el acto.<\/p>\n<p><a href=\"https:\/\/web.morosycristianosdeaspe.es\/wp-content\/uploads\/2018\/02\/3.png\"><img loading=\"lazy\" decoding=\"async\" class=\" wp-image-1955 aligncenter\" src=\"https:\/\/web.morosycristianosdeaspe.es\/wp-content\/uploads\/2018\/02\/3-300x227.png\" alt=\"\" width=\"405\" height=\"306\" srcset=\"https:\/\/web.morosycristianosdeaspe.es\/wp-content\/uploads\/2018\/02\/3-300x227.png 300w, https:\/\/web.morosycristianosdeaspe.es\/wp-content\/uploads\/2018\/02\/3.png 360w\" sizes=\"auto, (max-width: 405px) 100vw, 405px\" \/><\/a><\/p>\n<h3>&#x25b6;&nbsp;&nbsp;<span style=\"color: #ff9900;\">Orden de las comparsas<\/span><\/h3>\n<ol>\n<li><em>Banderas de la junta central.<\/em><\/li>\n<li style=\"text-align: left;\"><em>Autoridades y Embajadores.<\/em><\/li>\n<li style=\"text-align: left;\"><em>Reyes y Sultanes.<\/em><\/li>\n<li style=\"text-align: left;\"><em>Banda de m\u00fasica<\/em><\/li>\n<\/ol>\n<hr>\n<ol>\n<li>Lanceros de Uchel<\/li>\n<li>Duque de Maqueda<\/li>\n<li>Estudiantes<\/li>\n<li>Contrabandistas de la Sierra Negra<\/li>\n<\/ol>\n<hr>\n<ol>\n<li>Aljau<\/li>\n<li>Alcan\u00e1<\/li>\n<li>Sulaym\u00e1n<\/li>\n<li>Fauqu\u00edes.<\/li>\n<\/ol>\n<hr>\n<h3>&nbsp;<\/h3>\n<h3><span style=\"color: #800000;\">RETRETA<\/span><\/h3>\n<h3>&#x1f4c5;&nbsp;S\u00e1bado 24 de febrero de 2018<\/h3>\n<h3>&#x23f0;&nbsp;Hora de concentraci\u00f3n: 21:15 h.<\/h3>\n<h3>&#x1f4cd;&nbsp;<strong>Itinerario:&nbsp;<\/strong><em>Col\u00f3n, Sol, Santa Faz, Parque Dr. Calatayud, Pedro Galipienso y Rotonda.<\/em><\/h3>\n<h3>&#x25b6;&nbsp;&nbsp;<span style=\"color: #993300;\">Orden de las comparsas<\/span><\/h3>\n<ol>\n<li>Lanceros de Uchel<\/li>\n<li>Duque de Maqueda<\/li>\n<li>Estudiantes<\/li>\n<li>Contrabandistas de la Sierra Negra<\/li>\n<\/ol>\n<hr>\n<ol>\n<li>Aljau<\/li>\n<li>Alcan\u00e1<\/li>\n<li>Sulaym\u00e1n<\/li>\n<li>Fauqu\u00edes<\/li>\n<\/ol>\n<p>&nbsp;<\/p>\n","protected":false},"excerpt":{"rendered":"<p>&#x1f538;&nbsp;PLANIFICACI\u00d3N DE LA MEDIA FIESTA&nbsp;&#x1f538; PASACALLES FESTERO &#x1f4c5;&nbsp;S\u00e1bado 24 de febrero de 2018 &#x23f0;&nbsp;Hora de concentraci\u00f3n: 11:45 h. &#x1f4cd;&nbsp;Itinerario: San Pedro, Francisco Candela, Plaza Mayor, Sacramento, Parque Dr. Calatayud, Mercado\/ Parque Dr. Calatayud, Sacramento, Plaza Mayor. &#x1f539;&nbsp;Protocolo de actuaciones:&nbsp;Pasacalles festero por las calles del pueblo, con la asistencia de todos los Cargos festeros con su [&hellip;]<\/p>\n","protected":false},"author":1,"featured_media":0,"comment_status":"closed","ping_status":"closed","sticky":false,"template":"","format":"standard","meta":{"footnotes":""},"categories":[1],"tags":[],"class_list":["post-1951","post","type-post","status-publish","format-standard","hentry","category-nocat"],"_links":{"self":[{"href":"https:\/\/web.morosycristianosdeaspe.es\/index.php?rest_route=\/wp\/v2\/posts\/1951","targetHints":{"allow":["GET"]}}],"collection":[{"href":"https:\/\/web.morosycristianosdeaspe.es\/index.php?rest_route=\/wp\/v2\/posts"}],"about":[{"href":"https:\/\/web.morosycristianosdeaspe.es\/index.php?rest_route=\/wp\/v2\/types\/post"}],"author":[{"embeddable":true,"href":"https:\/\/web.morosycristianosdeaspe.es\/index.php?rest_route=\/wp\/v2\/users\/1"}],"replies":[{"embeddable":true,"href":"https:\/\/web.morosycristianosdeaspe.es\/index.php?rest_route=%2Fwp%2Fv2%2Fcomments&post=1951"}],"version-history":[{"count":4,"href":"https:\/\/web.morosycristianosdeaspe.es\/index.php?rest_route=\/wp\/v2\/posts\/1951\/revisions"}],"predecessor-version":[{"id":2045,"href":"https:\/\/web.morosycristianosdeaspe.es\/index.php?rest_route=\/wp\/v2\/posts\/1951\/revisions\/2045"}],"wp:attachment":[{"href":"https:\/\/web.morosycristianosdeaspe.es\/index.php?rest_route=%2Fwp%2Fv2%2Fmedia&parent=1951"}],"wp:term":[{"taxonomy":"category","embeddable":true,"href":"https:\/\/web.morosycristianosdeaspe.es\/index.php?rest_route=%2Fwp%2Fv2%2Fcategories&post=1951"},{"taxonomy":"post_tag","embeddable":true,"href":"https:\/\/web.morosycristianosdeaspe.es\/index.php?rest_route=%2Fwp%2Fv2%2Ftags&post=1951"}],"curies":[{"name":"wp","href":"https:\/\/api.w.org\/{rel}","templated":true}]}}