{"id":1960,"date":"2018-04-18T12:23:18","date_gmt":"2018-04-18T11:23:18","guid":{"rendered":"http:\/\/web.morosycristianosdeaspe.es\/?p=1960"},"modified":"2018-04-18T12:37:49","modified_gmt":"2018-04-18T11:37:49","slug":"evento-40o-aniversario-28-de-abril-de-2018","status":"publish","type":"post","link":"https:\/\/web.morosycristianosdeaspe.es\/?p=1960","title":{"rendered":"EVENTO 40\u00ba ANIVERSARIO &#8211; 28 de abril de 2018"},"content":{"rendered":"<h2 style=\"text-align: center;\"><span style=\"color: #000080;\"><strong>PLANIFICACI\u00d3N 40\u00ba ANIVERSARIO &#8211; S\u00c1BADO 28 DE ABRIL 2018<\/strong><\/span><\/h2>\n<p><a href=\"https:\/\/web.morosycristianosdeaspe.es\/wp-content\/uploads\/2018\/04\/Cartel.png\"><img loading=\"lazy\" decoding=\"async\" class=\" wp-image-1962 aligncenter\" src=\"https:\/\/web.morosycristianosdeaspe.es\/wp-content\/uploads\/2018\/04\/Cartel-212x300.png\" alt=\"\" width=\"298\" height=\"422\" srcset=\"https:\/\/web.morosycristianosdeaspe.es\/wp-content\/uploads\/2018\/04\/Cartel-212x300.png 212w, https:\/\/web.morosycristianosdeaspe.es\/wp-content\/uploads\/2018\/04\/Cartel.png 685w\" sizes=\"auto, (max-width: 298px) 100vw, 298px\" \/><\/a><\/p>\n<h2><span style=\"color: #008000;\"><strong>CONCURSO DE GACHAMIGA<\/strong><\/span><\/h2>\n<h3>&#x2705;&nbsp;<strong>Hora de concentraci\u00f3n<\/strong>: 9:00h<br \/>\n&#x2705;&nbsp;&#x1f4cd;&nbsp;<strong>Lugar de celebraci\u00f3n del acto<\/strong>: Calle Jaime I (Solar ITV)<\/h3>\n<h2><span style=\"color: #008000;\"><strong>PASACALLE FESTERO<\/strong><\/span><\/h2>\n<h3>&#x2705; <strong>Hora de concentraci\u00f3n<\/strong>: 12:00h<br \/>\n&#x2705; &#x1f4cd;&nbsp;Itinerario: Jaime I, Santa Faz, Parque Dr. Calatayud, Pedro Galipienso, Av. Constituci\u00f3n, San Jos\u00e9, San Pedro, Sede Festera.<\/h3>\n<h2><span style=\"color: #008000;\">ACTO PROTOCOLARIO<\/span><\/h2>\n<h3>&#x2705; <strong>Hora del acto:<\/strong> 13:00h<br \/>\n&#x2705; &#x1f4cd;&nbsp;<strong>Lugar del acto:<\/strong> Sede Festera.<\/h3>\n<h3>&#x2705;&nbsp;<strong>Desarrollo del acto:<\/strong> Colocaci\u00f3n y Bendici\u00f3n del cuadro de San Bonifacio M\u00e1rtir Patrono de las fiestas de moros y cristianos de Petrel.<br \/>\nColocaci\u00f3n de la fotograf\u00eda enmarcada de la alcaldesa de Aspe Maria Jos\u00e9 Villa Garis.<\/h3>\n<h2><span style=\"color: #008000;\">DESFILE CARGOS 40\u00ba ANIVERSARIO<\/span><\/h2>\n<h3>&#x2705; <strong>Hora del acto:<\/strong> 13:30h<br \/>\n&#x2705; &#x1f4cd;&nbsp;<strong>Lugar de concentraci\u00f3n:<\/strong> Plaza de Gregorio Rizo<\/h3>\n<h3>&#x2705;&nbsp;<strong>Desarrollo del acto<\/strong>: Desfile de los cargos festeros que han pasado por nuestras fiestas en estos cuarenta a\u00f1os<\/h3>\n<h3>&#x2705;&nbsp;<strong>Orden del desfile:<\/strong><\/h3>\n<h2 style=\"text-align: center;\"><span style=\"color: #ff0000;\">BLOQUE 1<\/span><\/h2>\n<h3 style=\"text-align: center;\">&#x1f53a;&nbsp;Bandera de la Uni\u00f3n<br \/>\n&#x1f53a;&nbsp;Reyes y Sultanes 2017<br \/>\n&#x1f53a;&nbsp;Cargos 40\u00ba Aniversario<br \/>\n&#x1f53a;&nbsp;Autoridades<br \/>\n<span style=\"color: #ff0000;\"><strong>BANDA DE M\u00daSICA<\/strong><\/span><\/h3>\n<h2 style=\"text-align: center;\"><span style=\"color: #ff6600;\">BANDO CRISTIANO<\/span><\/h2>\n<h3 style=\"text-align: center;\">&#x1f538;&nbsp;Capitanes y Abanderadas Cristianos 2017<br \/>\n&#x1f538;&nbsp;Lanceros de Uchel<br \/>\n&#x1f538;&nbsp;Duque de Maqueda<br \/>\n&#x1f538;&nbsp;Estudiantes<br \/>\n<span style=\"color: #ff0000;\"><strong>BANDA DE M\u00daSICA<\/strong><\/span><br \/>\n&#x1f538;&nbsp;Contrabandistas de la sierra negra<\/h3>\n<h2 style=\"text-align: center;\"><span style=\"color: #0000ff;\">BANDO MORO<\/span><\/h2>\n<h3 style=\"text-align: center;\">&#x1f539;&nbsp;Capitanes y Abanderadas Moros 2017<br \/>\n&#x1f539;&nbsp;Aljau<br \/>\n&#x1f539;&nbsp;Alcan\u00e1<br \/>\n&#x1f539;&nbsp;Sulaym\u00e1n<br \/>\n<span style=\"color: #ff0000;\"><strong>BANDA DE M\u00daSICA<\/strong><\/span><br \/>\n&#x1f539;&nbsp;Fauqu\u00edes<\/h3>\n<h3>&#x1f4cd;&nbsp;<strong>Itinerario:<\/strong> Plaza de Gregorio Rizo, Francisco Candela, Plaza Mayor, Sacramento, Parque Dr. Calatayud, Santa Faz,Jaime I.<\/h3>\n<p>&nbsp;<\/p>\n<h2><span style=\"color: #008000;\">COMIDA DE HERMANDAD<\/span><\/h2>\n<h3>&#x2705; <strong>Hora del acto:<\/strong> 14:30h<br \/>\n&#x2705; &#x1f4cd;&nbsp;<strong>Lugar del Acto:<\/strong> Calle Jaime I (Solar ITV)<\/h3>\n<p>&nbsp;<\/p>\n<h2><span style=\"color: #008000;\">TARDEO-NOCHE<\/span><\/h2>\n<h3>&#x2705; <strong>Hora del acto:<\/strong> 17:00h<br \/>\n&#x2705; &#x1f4cd;&nbsp;<strong>Lugar del Acto:<\/strong> Calle Jaime I (Solar ITV)<\/h3>\n<h3>&#x2705;&nbsp;<strong>ESPECT\u00c1CULO CON LOS Dj FRAN SEGURA Y SHOW Dj LEWIS. <\/strong><\/h3>\n<h3>&#x2705;&nbsp;<strong>FINALIZACION DEL ACTO:<\/strong> 2:00h de la madrugada<\/h3>\n<p>&nbsp;<\/p>\n<p>DESCARGA LA INFORMACI\u00d3N EN FORMATO PDF&nbsp;&#x27a1;&nbsp;<a href=\"https:\/\/web.morosycristianosdeaspe.es\/wp-content\/uploads\/2018\/04\/40\u00aa-Aniversario.pdf\" target=\"_blank\" rel=\"noopener\">AQU\u00cd<\/a><\/p>\n","protected":false},"excerpt":{"rendered":"<p>PLANIFICACI\u00d3N 40\u00ba ANIVERSARIO &#8211; S\u00c1BADO 28 DE ABRIL 2018 CONCURSO DE GACHAMIGA &#x2705;&nbsp;Hora de concentraci\u00f3n: 9:00h &#x2705;&nbsp;&#x1f4cd;&nbsp;Lugar de celebraci\u00f3n del acto: Calle Jaime I (Solar ITV) PASACALLE FESTERO &#x2705; Hora de concentraci\u00f3n: 12:00h &#x2705; &#x1f4cd;&nbsp;Itinerario: Jaime I, Santa Faz, Parque Dr. Calatayud, Pedro Galipienso, Av. Constituci\u00f3n, San Jos\u00e9, San Pedro, Sede Festera. ACTO PROTOCOLARIO &#x2705; [&hellip;]<\/p>\n","protected":false},"author":1,"featured_media":0,"comment_status":"closed","ping_status":"closed","sticky":false,"template":"","format":"standard","meta":{"footnotes":""},"categories":[1],"tags":[],"class_list":["post-1960","post","type-post","status-publish","format-standard","hentry","category-nocat"],"_links":{"self":[{"href":"https:\/\/web.morosycristianosdeaspe.es\/index.php?rest_route=\/wp\/v2\/posts\/1960","targetHints":{"allow":["GET"]}}],"collection":[{"href":"https:\/\/web.morosycristianosdeaspe.es\/index.php?rest_route=\/wp\/v2\/posts"}],"about":[{"href":"https:\/\/web.morosycristianosdeaspe.es\/index.php?rest_route=\/wp\/v2\/types\/post"}],"author":[{"embeddable":true,"href":"https:\/\/web.morosycristianosdeaspe.es\/index.php?rest_route=\/wp\/v2\/users\/1"}],"replies":[{"embeddable":true,"href":"https:\/\/web.morosycristianosdeaspe.es\/index.php?rest_route=%2Fwp%2Fv2%2Fcomments&post=1960"}],"version-history":[{"count":10,"href":"https:\/\/web.morosycristianosdeaspe.es\/index.php?rest_route=\/wp\/v2\/posts\/1960\/revisions"}],"predecessor-version":[{"id":1972,"href":"https:\/\/web.morosycristianosdeaspe.es\/index.php?rest_route=\/wp\/v2\/posts\/1960\/revisions\/1972"}],"wp:attachment":[{"href":"https:\/\/web.morosycristianosdeaspe.es\/index.php?rest_route=%2Fwp%2Fv2%2Fmedia&parent=1960"}],"wp:term":[{"taxonomy":"category","embeddable":true,"href":"https:\/\/web.morosycristianosdeaspe.es\/index.php?rest_route=%2Fwp%2Fv2%2Fcategories&post=1960"},{"taxonomy":"post_tag","embeddable":true,"href":"https:\/\/web.morosycristianosdeaspe.es\/index.php?rest_route=%2Fwp%2Fv2%2Ftags&post=1960"}],"curies":[{"name":"wp","href":"https:\/\/api.w.org\/{rel}","templated":true}]}}