{"id":2034,"date":"2018-09-25T18:52:07","date_gmt":"2018-09-25T17:52:07","guid":{"rendered":"http:\/\/web.morosycristianosdeaspe.es\/?p=2034"},"modified":"2018-09-25T18:52:07","modified_gmt":"2018-09-25T17:52:07","slug":"actos-y-horarios-torrijos-2018","status":"publish","type":"post","link":"https:\/\/web.morosycristianosdeaspe.es\/?p=2034","title":{"rendered":"Actos y horarios Torrijos 2018"},"content":{"rendered":"<h3><strong>&#x1f539;\u00a0<span style=\"color: #000080;\"><span style=\"color: #003366;\">VIERNES 28 DE SEPTIEMBRE<\/span>\u00a0<\/span>&#x1f539;<\/strong><br \/>\n&#x2714;\u00a0<span style=\"color: #800000;\"><strong>Desfile de Bienvenida \u201cEntraeta\u201d<\/strong><\/span><br \/>\n&#x1f4cd;Lugar de salida: Parque Arcos de Toledo.<br \/>\n&#x23f0;\u00a0Hora de salida: 22:00 h<br \/>\n&#x1f504;\u00a0Recorrido: Parque Arcos de Toledo, Avda. de la Estaci\u00f3n,Calle Manuel Benayas y Plaza de Espa\u00f1a<\/h3>\n<h3><\/h3>\n<h3><strong>&#x1f539;<span style=\"color: #003366;\">S\u00c1BADO 29 DE SEPTIEMBRE<\/span>&#x1f539;<a href=\"https:\/\/web.morosycristianosdeaspe.es\/wp-content\/uploads\/2017\/09\/horarios-Torrijos.pdf\">horarios Torrijos<\/a><\/strong><br \/>\n&#x2714;<span style=\"color: #800000;\"><strong>Desayuno<\/strong><\/span><br \/>\n&#x1f4cd;Lugar: Pabell\u00f3n<br \/>\n&#x23f0;\u00a0Hora: de 7:30 h. a 9:30 h.<\/h3>\n<h3>&#x2714;<strong><span style=\"color: #800000;\">Desfile y Embajada<\/span><\/strong><br \/>\n&#x23f0;\u00a09:00 h., entrega de los trajes en el pabell\u00f3n y empezar a vestirse. Al finalizar de cambiarse, <strong>traslado en autob\u00fas de festejos al inicio<\/strong> del Desfile de la Embajada.<\/h3>\n<h3>&#x23f0;\u00a011:00 h., salida del Desfile de la Embajada hacia el Palacio de Pedro I.<br \/>\n&#x1f504;\u00a0Recorrido: Parque Arcos de Toledo, Avda. Estacion, Calle Mayor, Plaza Dtor. Cifuentes, Colegiata, Buenadicha, Vistillas y Palacio de Pedro I.<\/h3>\n<h3>&#x23f0;\u00a012:00 h., Embajada en el Patio del Palacio de Pedro I.<br \/>\nAl finalizar la Embajada, degustaci\u00f3n de palomas.<\/h3>\n<h3>&#8211; <strong>A su conclusi\u00f3n traslado en autob\u00fas hasta el Pabell\u00f3n.<\/strong><\/h3>\n<h3>&#x2714;\u00a0<span style=\"color: #800000;\"><strong>Comida de convivencia<\/strong><\/span><br \/>\n&#x23f0;\u00a014:00 h., en el Pabell\u00f3n. (Acceso con pulsera)<\/h3>\n<h3>&#x2714;\u00a0<span style=\"color: #800000;\"><strong>Desfile general<\/strong><\/span><br \/>\n&#x23f0;\u00a020:00 h., en el Pabell\u00f3n para empezar a vestirse.<br \/>\n&#x23f0;\u00a021:30 h., traslado en autob\u00fas de festeros hacia el punto de salida del desfile.<br \/>\n&#x23f0;\u00a022:00 h., salida del Desfile.<br \/>\n&#x1f504;\u00a0Recorrido: Avenida de la Estaci\u00f3n (desde la Plaza de los Descubrimientos), Manuel Benayas y Plaza Espa\u00f1a.<br \/>\n&#8211; Al finalizar el desfile, la Banda Municipal interpretar\u00e1 el Himno de la Fiesta para cantarlo junto a los<br \/>\nfesteros\/as de Torrijos.<br \/>\nAl finalizar el himno, vuelta al Pabell\u00f3n donde habr\u00e1 preparada una cena fr\u00eda para todos los<br \/>\nfesteros\/as.<\/h3>\n<h3>&#x1f539;\u00a0<strong><span style=\"color: #003366;\">DOMINGO 30 DE SEPTIEMBRE<\/span><\/strong>\u00a0&#x1f539;<br \/>\n&#x23f0;\u00a0De 7:30 h. a 9:30 h. desayuno en el pabell\u00f3n.<br \/>\n&#x23f0;\u00a012:00 h., vuelta a Aspe en autob\u00fas.<\/h3>\n<h3><span style=\"color: #ff0000;\"><strong>SE RUEGA PUNTUALIDAD A TODOS LOS ACTOS<\/strong><\/span><\/h3>\n<p>&nbsp;<\/p>\n<h2>PARA DESCARGAR EL HORARIO EN FORMATO PDF, HAZLO A TRAV\u00c9S DEL SIGUIENTE ENLACE<\/h2>\n<p>&#x2b07;&#x2b07;&#x2b07;&#x2b07;&#x2b07;&#x2b07;&#x2b07;&#x2b07;&#x2b07;&#x2b07;&#x2b07;&#x2b07;&#x2b07;<\/p>\n<p><a href=\"https:\/\/web.morosycristianosdeaspe.es\/wp-content\/uploads\/2018\/09\/Actos-y-horarios-Torrijos-2018.pdf\" target=\"_blank\" rel=\"noopener\">Actos y horarios Torrijos 2018<\/a><\/p>\n","protected":false},"excerpt":{"rendered":"<p>&#x1f539;\u00a0VIERNES 28 DE SEPTIEMBRE\u00a0&#x1f539; &#x2714;\u00a0Desfile de Bienvenida \u201cEntraeta\u201d &#x1f4cd;Lugar de salida: Parque Arcos de Toledo. &#x23f0;\u00a0Hora de salida: 22:00 h &#x1f504;\u00a0Recorrido: Parque Arcos de Toledo, Avda. de la Estaci\u00f3n,Calle Manuel Benayas y Plaza de Espa\u00f1a &#x1f539;S\u00c1BADO 29 DE SEPTIEMBRE&#x1f539;horarios Torrijos &#x2714;Desayuno &#x1f4cd;Lugar: Pabell\u00f3n &#x23f0;\u00a0Hora: de 7:30 h. a 9:30 h. &#x2714;Desfile y Embajada &#x23f0;\u00a09:00 h., [&hellip;]<\/p>\n","protected":false},"author":1,"featured_media":0,"comment_status":"closed","ping_status":"closed","sticky":false,"template":"","format":"standard","meta":{"footnotes":""},"categories":[1],"tags":[],"class_list":["post-2034","post","type-post","status-publish","format-standard","hentry","category-nocat"],"_links":{"self":[{"href":"https:\/\/web.morosycristianosdeaspe.es\/index.php?rest_route=\/wp\/v2\/posts\/2034","targetHints":{"allow":["GET"]}}],"collection":[{"href":"https:\/\/web.morosycristianosdeaspe.es\/index.php?rest_route=\/wp\/v2\/posts"}],"about":[{"href":"https:\/\/web.morosycristianosdeaspe.es\/index.php?rest_route=\/wp\/v2\/types\/post"}],"author":[{"embeddable":true,"href":"https:\/\/web.morosycristianosdeaspe.es\/index.php?rest_route=\/wp\/v2\/users\/1"}],"replies":[{"embeddable":true,"href":"https:\/\/web.morosycristianosdeaspe.es\/index.php?rest_route=%2Fwp%2Fv2%2Fcomments&post=2034"}],"version-history":[{"count":2,"href":"https:\/\/web.morosycristianosdeaspe.es\/index.php?rest_route=\/wp\/v2\/posts\/2034\/revisions"}],"predecessor-version":[{"id":2037,"href":"https:\/\/web.morosycristianosdeaspe.es\/index.php?rest_route=\/wp\/v2\/posts\/2034\/revisions\/2037"}],"wp:attachment":[{"href":"https:\/\/web.morosycristianosdeaspe.es\/index.php?rest_route=%2Fwp%2Fv2%2Fmedia&parent=2034"}],"wp:term":[{"taxonomy":"category","embeddable":true,"href":"https:\/\/web.morosycristianosdeaspe.es\/index.php?rest_route=%2Fwp%2Fv2%2Fcategories&post=2034"},{"taxonomy":"post_tag","embeddable":true,"href":"https:\/\/web.morosycristianosdeaspe.es\/index.php?rest_route=%2Fwp%2Fv2%2Ftags&post=2034"}],"curies":[{"name":"wp","href":"https:\/\/api.w.org\/{rel}","templated":true}]}}