{"id":2046,"date":"2019-02-24T22:00:59","date_gmt":"2019-02-24T21:00:59","guid":{"rendered":"http:\/\/web.morosycristianosdeaspe.es\/?p=2046"},"modified":"2019-03-06T14:21:20","modified_gmt":"2019-03-06T13:21:20","slug":"media-fiesta-2019-9-marzo-de-2019","status":"publish","type":"post","link":"https:\/\/web.morosycristianosdeaspe.es\/?p=2046","title":{"rendered":"MEDIA FIESTA 2019 &#8211; 9 marzo de 2019"},"content":{"rendered":"\n<h2 class=\"wp-block-heading\"><strong>&#x1f538;&nbsp;PLANIFICACI\u00d3N DE LA MEDIA FIESTA&nbsp;&#x1f538;<\/strong><\/h2>\n\n\n\n<h3 class=\"wp-block-heading\" style=\"text-align:center\"><strong>PASACALLES FESTERO<\/strong><\/h3>\n\n\n\n<h3 class=\"wp-block-heading\">&#x23f0;&nbsp;Hora de concentraci\u00f3n: 11:45 h.<\/h3>\n\n\n\n<h3 class=\"wp-block-heading\">&#x1f4cd;<strong>&nbsp;Itinerario: <\/strong><em>San Pedro, Francisco Candela, Plaza Mayor, Sacramento, Parque Dr. Calatayud, Mercado\/ Parque Dr. Calatayud, Sacramento, Plaza Mayor.<\/em><\/h3>\n\n\n\n<h3 class=\"wp-block-heading\">&#x1f539;\u00a0<strong>Protocolo de actuaciones:<\/strong> Pasacalles festero por las calles del pueblo, con la asistencia de todos los Cargos festeros con su banda. <strong>Los cargos ir\u00e1n con su comparsa<\/strong>. <\/h3>\n\n\n\n<h3 class=\"wp-block-heading\"><strong>Cada comparsa deber\u00e1 ir con su indumentaria identificativa oficial de su comparsa y su correspondiente distintivo en la cabeza (boina,fez,cala\u00f1es\u2026\u2026)<\/strong><\/h3>\n\n\n\n<h3 class=\"wp-block-heading\">Al finalizar el pasacalle en la Plaza Mayor habr\u00e1 un picoteo.<\/h3>\n\n\n\n<p> <\/p>\n\n\n\n<h3 class=\"wp-block-heading\" style=\"text-align:center\"><strong>ENTRADA DE BANDAS<\/strong><\/h3>\n\n\n\n<h3 class=\"wp-block-heading\">&#x23f0;&nbsp;<strong>Hora de concentraci\u00f3n:<\/strong> 18:15 h.<\/h3>\n\n\n\n<h3 class=\"wp-block-heading\">&#x1f4cd;<strong>&nbsp;Itinerario:<\/strong><em><strong> <\/strong>Dr. Mara\u00f1\u00f3n, Parque Dr. Calatayud, Mercado\/ Parque Dr. Calatayud, Pedro Galipienso, Av. Constituci\u00f3n, Arco del Ayuntamiento y Plaza Mayor.<\/em><\/h3>\n\n\n\n<h2 class=\"wp-block-heading\" style=\"text-align:center\"><strong>PLANO DE SALIDA&nbsp;<\/strong><\/h2>\n\n\n\n<ul class=\"wp-block-gallery aligncenter columns-1 is-cropped wp-block-gallery-1 is-layout-flex wp-block-gallery-is-layout-flex\"><li class=\"blocks-gallery-item\"><figure><img loading=\"lazy\" decoding=\"async\" width=\"583\" height=\"336\" src=\"https:\/\/web.morosycristianosdeaspe.es\/wp-content\/uploads\/2019\/03\/plano-2019-entrada-de-bandas.png\" alt=\"\" data-id=\"2053\" data-link=\"https:\/\/web.morosycristianosdeaspe.es\/?attachment_id=2053\" class=\"wp-image-2053\" srcset=\"https:\/\/web.morosycristianosdeaspe.es\/wp-content\/uploads\/2019\/03\/plano-2019-entrada-de-bandas.png 583w, https:\/\/web.morosycristianosdeaspe.es\/wp-content\/uploads\/2019\/03\/plano-2019-entrada-de-bandas-300x173.png 300w\" sizes=\"auto, (max-width: 583px) 100vw, 583px\" \/><\/figure><\/li><\/ul>\n\n\n\n<ul class=\"wp-block-gallery columns-1 is-cropped wp-block-gallery-2 is-layout-flex wp-block-gallery-is-layout-flex\"><li class=\"blocks-gallery-item\"><figure><img loading=\"lazy\" decoding=\"async\" width=\"714\" height=\"353\" src=\"https:\/\/web.morosycristianosdeaspe.es\/wp-content\/uploads\/2019\/02\/plano-2019-1.png\" alt=\"\" data-id=\"2048\" data-link=\"https:\/\/web.morosycristianosdeaspe.es\/?attachment_id=2048\" class=\"wp-image-2048\" srcset=\"https:\/\/web.morosycristianosdeaspe.es\/wp-content\/uploads\/2019\/02\/plano-2019-1.png 714w, https:\/\/web.morosycristianosdeaspe.es\/wp-content\/uploads\/2019\/02\/plano-2019-1-300x148.png 300w, https:\/\/web.morosycristianosdeaspe.es\/wp-content\/uploads\/2019\/02\/plano-2019-1-690x341.png 690w\" sizes=\"auto, (max-width: 714px) 100vw, 714px\" \/><\/figure><\/li><\/ul>\n\n\n\n<h3 class=\"wp-block-heading\">&#x25b6;&nbsp; <strong>Protocolo de actuaci\u00f3n &nbsp;de las diferentes comparsas:<\/strong><\/h3>\n\n\n\n<p>Las comparsas har\u00e1n el desfile con pasodoble, al llegar a la Av. De la Constituci\u00f3n (<strong>Pasteler\u00eda Asencio<\/strong>) se cambiara: El Bando moro a marcha mora y el Bando cristiano a marcha cristiana o pasodoble.<br>Cuando lleguemos a la Plaza Mayor los Sultanes y Reyes se quedar\u00e1n en la puerta del Ayuntamiento Viejo. (Sultanes a la izquierda y Reyes a la derecha). Los Capitanes y Abanderadas se ir\u00e1n quedando al lado de sus cargos, cuando termine el desfile los cargos pasaran al centro del pasillo para mover las banderas. <\/p>\n\n\n\n<p>Los festeros de cada bando se meter\u00e1n por los laterales que se har\u00e1 con vallas hasta ponerse detr\u00e1s de ellas (Bando cristiano delante del Ankara y Bando Moro delante del Ayuntamiento). Las bandas de m\u00fasica se ir\u00e1n conforme lleguen delante del Casino para una vez terminado el desfile todas las bandas juntas tocar la <strong>MARCHA MORA \u201cEL PRESIDENT<\/strong>\u201d y el <strong>PASODOBLE \u201cL\u2019ENTRA<\/strong>\u201d para dar por concluido el acto.<\/p>\n\n\n\n<ul class=\"wp-block-gallery aligncenter columns-1 is-cropped wp-block-gallery-3 is-layout-flex wp-block-gallery-is-layout-flex\"><li class=\"blocks-gallery-item\"><figure><img loading=\"lazy\" decoding=\"async\" width=\"571\" height=\"496\" src=\"https:\/\/web.morosycristianosdeaspe.es\/wp-content\/uploads\/2019\/03\/plano-plaza-2019.png\" alt=\"\" data-id=\"2054\" data-link=\"https:\/\/web.morosycristianosdeaspe.es\/?attachment_id=2054\" class=\"wp-image-2054\" srcset=\"https:\/\/web.morosycristianosdeaspe.es\/wp-content\/uploads\/2019\/03\/plano-plaza-2019.png 571w, https:\/\/web.morosycristianosdeaspe.es\/wp-content\/uploads\/2019\/03\/plano-plaza-2019-300x261.png 300w\" sizes=\"auto, (max-width: 571px) 100vw, 571px\" \/><\/figure><\/li><\/ul>\n\n\n\n<h3 class=\"wp-block-heading\">&#x25b6;&nbsp;&nbsp;<strong>Orden de las comparsas<\/strong><\/h3>\n\n\n\n<p><em>Banderas de la junta central<\/em><\/p>\n\n\n\n<p><em>Autoridades y Embajadores<\/em><\/p>\n\n\n\n<p><em>Reyes y Sultanes<\/em><\/p>\n\n\n\n<p><em>Banda de m\u00fasica<\/em><\/p>\n\n\n\n<hr class=\"wp-block-separator\"\/>\n\n\n\n<ol class=\"wp-block-list\"><li>Sulayman<\/li><li>Alcan\u00e1<\/li><li>Aljau<\/li><li>Fauqu\u00edes<\/li><\/ol>\n\n\n\n<hr class=\"wp-block-separator\"\/>\n\n\n\n<ol class=\"wp-block-list\"><li>Estudiantes<\/li><li>Maqueda<\/li><li>Lanceros de Uchel<\/li><li>Contrabandistas de la Sierra Negra<\/li><\/ol>\n\n\n\n<hr class=\"wp-block-separator\"\/>\n\n\n\n<h3 class=\"wp-block-heading\" style=\"text-align:center\"><strong>RETRETA<\/strong><\/h3>\n\n\n\n<h3 class=\"wp-block-heading\">&#x23f0;&nbsp;Hora de concentraci\u00f3n: 21:15 h.<\/h3>\n\n\n\n<h3 class=\"wp-block-heading\">&#x1f4cd;&nbsp;<strong>Itinerario:&nbsp;<\/strong><em>Col\u00f3n, Sol, Santa Faz, Parque Dr. Calatayud, Pedro Galipienso y Rotonda.<\/em><\/h3>\n\n\n\n<h3 class=\"wp-block-heading\">&#x25b6;&nbsp;&nbsp;<strong>Orden de las comparsas<\/strong><\/h3>\n\n\n\n<ol class=\"wp-block-list\"><li>Sulayman<\/li><li>Alcan\u00e1<\/li><li>Aljau<\/li><li>Fauqu\u00edes<\/li><\/ol>\n\n\n\n<hr class=\"wp-block-separator\"\/>\n\n\n\n<ol class=\"wp-block-list\"><li>Estudiantes<\/li><li>Maqueda<\/li><li>Lanceros de Uchel<\/li><li>Contrabandistas de la Sierra Negra<\/li><\/ol>\n","protected":false},"excerpt":{"rendered":"<p>&#x1f538;&nbsp;PLANIFICACI\u00d3N DE LA MEDIA FIESTA&nbsp;&#x1f538; PASACALLES FESTERO &#x23f0;&nbsp;Hora de concentraci\u00f3n: 11:45 h. &#x1f4cd;&nbsp;Itinerario: San Pedro, Francisco Candela, Plaza Mayor, Sacramento, Parque Dr. Calatayud, Mercado\/ Parque Dr. Calatayud, Sacramento, Plaza Mayor. &#x1f539;\u00a0Protocolo de actuaciones: Pasacalles festero por las calles del pueblo, con la asistencia de todos los Cargos festeros con su banda. Los cargos ir\u00e1n con [&hellip;]<\/p>\n","protected":false},"author":1,"featured_media":0,"comment_status":"closed","ping_status":"closed","sticky":false,"template":"","format":"standard","meta":{"footnotes":""},"categories":[1],"tags":[],"class_list":["post-2046","post","type-post","status-publish","format-standard","hentry","category-nocat"],"_links":{"self":[{"href":"https:\/\/web.morosycristianosdeaspe.es\/index.php?rest_route=\/wp\/v2\/posts\/2046","targetHints":{"allow":["GET"]}}],"collection":[{"href":"https:\/\/web.morosycristianosdeaspe.es\/index.php?rest_route=\/wp\/v2\/posts"}],"about":[{"href":"https:\/\/web.morosycristianosdeaspe.es\/index.php?rest_route=\/wp\/v2\/types\/post"}],"author":[{"embeddable":true,"href":"https:\/\/web.morosycristianosdeaspe.es\/index.php?rest_route=\/wp\/v2\/users\/1"}],"replies":[{"embeddable":true,"href":"https:\/\/web.morosycristianosdeaspe.es\/index.php?rest_route=%2Fwp%2Fv2%2Fcomments&post=2046"}],"version-history":[{"count":3,"href":"https:\/\/web.morosycristianosdeaspe.es\/index.php?rest_route=\/wp\/v2\/posts\/2046\/revisions"}],"predecessor-version":[{"id":2055,"href":"https:\/\/web.morosycristianosdeaspe.es\/index.php?rest_route=\/wp\/v2\/posts\/2046\/revisions\/2055"}],"wp:attachment":[{"href":"https:\/\/web.morosycristianosdeaspe.es\/index.php?rest_route=%2Fwp%2Fv2%2Fmedia&parent=2046"}],"wp:term":[{"taxonomy":"category","embeddable":true,"href":"https:\/\/web.morosycristianosdeaspe.es\/index.php?rest_route=%2Fwp%2Fv2%2Fcategories&post=2046"},{"taxonomy":"post_tag","embeddable":true,"href":"https:\/\/web.morosycristianosdeaspe.es\/index.php?rest_route=%2Fwp%2Fv2%2Ftags&post=2046"}],"curies":[{"name":"wp","href":"https:\/\/api.w.org\/{rel}","templated":true}]}}