{"id":2058,"date":"2019-03-21T14:51:27","date_gmt":"2019-03-21T13:51:27","guid":{"rendered":"http:\/\/web.morosycristianosdeaspe.es\/?p=2058"},"modified":"2019-03-21T14:53:09","modified_gmt":"2019-03-21T13:53:09","slug":"calendario-actos-2019","status":"publish","type":"post","link":"https:\/\/web.morosycristianosdeaspe.es\/?p=2058","title":{"rendered":"Calendario Actos 2019"},"content":{"rendered":"\n<p>A continuaci\u00f3n os dejamos el calendario de actos festeros del presente a\u00f1o 2019: presentaciones, comida de hermandad, d\u00edas festivos de moros y cristianos, etc.<\/p>\n\n\n\n<p><\/p>\n\n\n\n<p>Tambi\u00e9n se puede descargar en formato PDF en el siguiente enlace:<\/p>\n\n\n\n<p><a href=\"https:\/\/web.morosycristianosdeaspe.es\/wp-content\/uploads\/2019\/03\/Calendario-de-Actos-2019.pdf\">https:\/\/web.morosycristianosdeaspe.es\/wp-content\/uploads\/2019\/03\/Calendario-de-Actos-2019.pdf<\/a><\/p>\n\n\n\n<ul class=\"wp-block-gallery columns-1 is-cropped wp-block-gallery-1 is-layout-flex wp-block-gallery-is-layout-flex\"><li class=\"blocks-gallery-item\"><figure><img loading=\"lazy\" decoding=\"async\" width=\"724\" height=\"1024\" src=\"https:\/\/web.morosycristianosdeaspe.es\/wp-content\/uploads\/2019\/03\/Calendario-de-Actos-2019-1-724x1024.jpg\" alt=\"\" data-id=\"2059\" class=\"wp-image-2059\" srcset=\"https:\/\/web.morosycristianosdeaspe.es\/wp-content\/uploads\/2019\/03\/Calendario-de-Actos-2019-1-724x1024.jpg 724w, https:\/\/web.morosycristianosdeaspe.es\/wp-content\/uploads\/2019\/03\/Calendario-de-Actos-2019-1-212x300.jpg 212w, https:\/\/web.morosycristianosdeaspe.es\/wp-content\/uploads\/2019\/03\/Calendario-de-Actos-2019-1-768x1086.jpg 768w, https:\/\/web.morosycristianosdeaspe.es\/wp-content\/uploads\/2019\/03\/Calendario-de-Actos-2019-1-690x976.jpg 690w, https:\/\/web.morosycristianosdeaspe.es\/wp-content\/uploads\/2019\/03\/Calendario-de-Actos-2019-1-980x1386.jpg 980w, https:\/\/web.morosycristianosdeaspe.es\/wp-content\/uploads\/2019\/03\/Calendario-de-Actos-2019-1.jpg 1654w\" sizes=\"auto, (max-width: 724px) 100vw, 724px\" \/><\/figure><\/li><\/ul>\n\n\n\n<p><\/p>\n","protected":false},"excerpt":{"rendered":"<p>A continuaci\u00f3n os dejamos el calendario de actos festeros del presente a\u00f1o 2019: presentaciones, comida de hermandad, d\u00edas festivos de moros y cristianos, etc. Tambi\u00e9n se puede descargar en formato PDF en el siguiente enlace: https:\/\/web.morosycristianosdeaspe.es\/wp-content\/uploads\/2019\/03\/Calendario-de-Actos-2019.pdf<\/p>\n","protected":false},"author":1,"featured_media":0,"comment_status":"closed","ping_status":"closed","sticky":false,"template":"","format":"standard","meta":{"footnotes":""},"categories":[1],"tags":[],"class_list":["post-2058","post","type-post","status-publish","format-standard","hentry","category-nocat"],"_links":{"self":[{"href":"https:\/\/web.morosycristianosdeaspe.es\/index.php?rest_route=\/wp\/v2\/posts\/2058","targetHints":{"allow":["GET"]}}],"collection":[{"href":"https:\/\/web.morosycristianosdeaspe.es\/index.php?rest_route=\/wp\/v2\/posts"}],"about":[{"href":"https:\/\/web.morosycristianosdeaspe.es\/index.php?rest_route=\/wp\/v2\/types\/post"}],"author":[{"embeddable":true,"href":"https:\/\/web.morosycristianosdeaspe.es\/index.php?rest_route=\/wp\/v2\/users\/1"}],"replies":[{"embeddable":true,"href":"https:\/\/web.morosycristianosdeaspe.es\/index.php?rest_route=%2Fwp%2Fv2%2Fcomments&post=2058"}],"version-history":[{"count":3,"href":"https:\/\/web.morosycristianosdeaspe.es\/index.php?rest_route=\/wp\/v2\/posts\/2058\/revisions"}],"predecessor-version":[{"id":2063,"href":"https:\/\/web.morosycristianosdeaspe.es\/index.php?rest_route=\/wp\/v2\/posts\/2058\/revisions\/2063"}],"wp:attachment":[{"href":"https:\/\/web.morosycristianosdeaspe.es\/index.php?rest_route=%2Fwp%2Fv2%2Fmedia&parent=2058"}],"wp:term":[{"taxonomy":"category","embeddable":true,"href":"https:\/\/web.morosycristianosdeaspe.es\/index.php?rest_route=%2Fwp%2Fv2%2Fcategories&post=2058"},{"taxonomy":"post_tag","embeddable":true,"href":"https:\/\/web.morosycristianosdeaspe.es\/index.php?rest_route=%2Fwp%2Fv2%2Ftags&post=2058"}],"curies":[{"name":"wp","href":"https:\/\/api.w.org\/{rel}","templated":true}]}}