{"id":2065,"date":"2019-04-16T13:12:21","date_gmt":"2019-04-16T12:12:21","guid":{"rendered":"http:\/\/web.morosycristianosdeaspe.es\/?p=2065"},"modified":"2019-04-16T13:12:21","modified_gmt":"2019-04-16T12:12:21","slug":"bases-de-concurso-de-cartel-anunciador-de-las-fiestas-2019","status":"publish","type":"post","link":"https:\/\/web.morosycristianosdeaspe.es\/?p=2065","title":{"rendered":"Bases de concurso de cartel anunciador de las Fiestas 2019"},"content":{"rendered":"\n<h1 class=\"wp-block-heading\">BASES<\/h1>\n\n\n\n<h2 class=\"wp-block-heading\">PRIMERA.- Participantes.<\/h2>\n\n\n\n<p>Podr\u00e1n participar en el concurso cuantos artistas y dise\u00f1adores est\u00e9n interesados en el mismo, individualmente o en equipo.<\/p>\n\n\n\n<h2 class=\"wp-block-heading\">SEGUNDA.- Tema, caracter\u00edsticas t\u00e9cnicas, rotulaci\u00f3n y lema.<\/h2>\n\n\n\n<h3 class=\"wp-block-heading\">A.- Tema:<\/h3>\n\n\n\n<p>El asunto de las obras deber\u00e1 tener en cuenta la Fiestas de Moros y Cristianos de Aspe.<\/p>\n\n\n\n<p>Los trabajos han de ser originales e in\u00e9ditos, no habiendo sido presentados en otras ediciones de este u otros concursos y que no supongan en todo o en parte, copia o plagio de obras publicadas propias o de otros artistas. Los autores ser\u00e1n responsables ante la Junta Central de Moros y Cristianos \u201cVirgen de las Nieves\u201d de Aspe y frente a terceros, del cumplimiento de lo establecido en estas bases.<\/p>\n\n\n\n<h3 class=\"wp-block-heading\">B.- Caracter\u00edsticas t\u00e9cnicas:<\/h3>\n\n\n\n<p>Ser\u00e1n de concepci\u00f3n y t\u00e9cnicas libres, siempre que sea posible su reproducci\u00f3n.<\/p>\n\n\n\n<p>Los carteles se presentar\u00e1n montados sobre cart\u00f3n pluma de 1 cm. de espesor, como m\u00ednimo, sin cristal protector ni marco. Su formato ser\u00e1 vertical y tama\u00f1o 50 cm. x 70 cm.<\/p>\n\n\n\n<p>Los autores que opten por realizar sus obras mediante sistemas inform\u00e1ticos, deber\u00e1n aportar una reproducci\u00f3n a color con las medidas y dem\u00e1s caracter\u00edsticas anteriormente indicadas, as\u00ed como el correspondiente soporte digital con todos los ficheros necesarios para la obtenci\u00f3n de fotolitos, (el soporte digital deber\u00e1 venir con leyenda y sin leyenda) una ficha t\u00e9cnica de los procedimientos empleados, incluyendo las fuentes utilizadas y los originales de las im\u00e1genes en formato <em>tiff<\/em> o <em>jpg<\/em> con una resoluci\u00f3n \u00f3ptima para su reproducci\u00f3n impresa, si fuera el caso.<\/p>\n\n\n\n<h3 class=\"wp-block-heading\">C.- Rotulaci\u00f3n:<\/h3>\n\n\n\n<p>Los carteles contendr\u00e1n la siguiente leyenda en castellano <strong>\u201cMoros y Cristianos del 7 al 10 de Agosto de 2019. ASPE\u201d<\/strong>, situada preferentemente en la parte inferior de la obra.<\/p>\n\n\n\n<h3 class=\"wp-block-heading\">D.- Lema:<\/h3>\n\n\n\n<p>En la parte trasera de los trabajos figurar\u00e1 un lema que servir\u00e1 para preservar la identidad del autor hasta el fallo del Jurado.<\/p>\n\n\n\n<h2 class=\"wp-block-heading\">TERCERA.- Premios.<\/h2>\n\n\n\n<p>Se establecen los siguientes premios concedidos por la concejal\u00eda de Cultura del Ayuntamiento de Aspe:<\/p>\n\n\n\n<p>1.- Al cartel ganador 1.000 \u20ac.<br>2.- Acc\u00e9sit de 500 \u20ac al que quede en segundo lugar.<\/p>\n\n\n\n<h2 class=\"wp-block-heading\">CUARTA.- Presentaci\u00f3n.<\/h2>\n\n\n\n<p>Los trabajos se presentar\u00e1n <strong>del 20 al 22 de mayo de 2019<\/strong>, ambos inclusive, en el vest\u00edbulo del teatro Wagner, calle Castelar, 10, de Aspe, en horario de 19 a 21 horas, o se enviar\u00e1n debidamente embalados a la misma direcci\u00f3n y exclusivamente en los d\u00edas y horario especificados. La organizaci\u00f3n no aceptar\u00e1 su recogida hasta desembalar el env\u00edo y comprobar que no presenta ning\u00fan da\u00f1o.<\/p>\n\n\n\n<p>En un sobre cerrado se incluir\u00e1 el nombre y apellidos del autor\/a o autores\/as de los trabajos, domicilio\/s, direcci\u00f3n\/es de e-mail y tel\u00e9fono\/s y una declaraci\u00f3n firmada indicando que el trabajo es original e in\u00e9dito.<br>En el exterior del sobre indicado, aparecer\u00e1, en letras may\u00fasculas, el mismo lema que figure en la obra presentada, sin constar alusi\u00f3n alguna que permita identificar al concursante, siendo causa de exclusi\u00f3n del concurso el incumplimiento de esta norma.<\/p>\n\n\n\n<h2 class=\"wp-block-heading\">QUINTA.- Jurado.<\/h2>\n\n\n\n<p>1.- Composici\u00f3n:<br><strong>Presidente:<\/strong> El\/La Concejal\/a delegado\/a de Cultura del Ayuntamiento de Aspe.<br><strong>Vocales<\/strong>: Cinco vocales a propuesta de la Junta Central de Moros y Cristianos \u201cVirgen de las Nieves\u201d de Aspe.<br><strong>Secretario\/a<\/strong>: Actuar\u00e1 como Secretario\/a del jurado el Secretario\/a de la Junta Central de Moros y Cristianos \u201cVirgen de las Nieves\u201d de Aspe.<\/p>\n\n\n\n<p>2.- El Jurado se constituir\u00e1 y reunir\u00e1 al objeto de emitir su fallo. En primer lugar, comprobar\u00e1 una a una todas las obras presentadas para verificar el efectivo cumplimiento de las condiciones establecidas en las presentes bases y, en consecuencia, pronunciarse sobre su admisi\u00f3n definitiva.<\/p>\n\n\n\n<p>3.- El Jurado, para formular su propuesta de concesi\u00f3n de premios, valorar\u00e1, adem\u00e1s de la concepci\u00f3n, su calidad gr\u00e1fica o pl\u00e1stica, su eficacia anunciadora o informativa y sus condiciones de reproducci\u00f3n.<\/p>\n\n\n\n<p>4.- El Jurado podr\u00e1 declarar desierto uno o m\u00e1s premios en el caso de considerar que ninguno de los trabajos presentados re\u00fanan los m\u00e9ritos suficientes para ser premiados.<\/p>\n\n\n\n<h2 class=\"wp-block-heading\">SEXTA.- Trabajos premiados.<\/h2>\n\n\n\n<p>1.- Los trabajos premiados quedar\u00e1n en propiedad exclusiva de La Junta Central de Moros y Cristianos \u201cVirgen de las Nieves\u201d de Aspe y servir\u00e1n para anunciar y divulgar las Fiestas de Moros y Cristianos de Aspe en 2019.<\/p>\n\n\n\n<p>2.- El Primer Premio ser\u00e1 utilizado como cartel anunciador de la Fiesta de Moros y Cristianos de Aspe 2019 y portada del programa de fiestas 2015. El Acc\u00e9sit ser\u00e1 portada del cartel anunciador de la Media Fiesta de 2020.<\/p>\n\n\n\n<h2 class=\"wp-block-heading\">SEPTIMA.- Trabajos no premiados.<\/h2>\n\n\n\n<p>Los trabajos no premiados podr\u00e1n ser recogidos por sus autores una vez resuelto el concurso y realizada la exposici\u00f3n p\u00fablica de los mismos, del 3 al 5 de junio de 2019, ambos inclusive, de 19 a 21 horas, en el vest\u00edbulo del teatro Wagner, calle Castelar, 10, de Aspe. Caso de que el autor\/a quiera que se le remita a portes debidos por transportista, deber\u00e1 hacerlo constar llamando en los citados d\u00edas y horario al 965.49.39.45. Una vez pasado este plazo, la organizaci\u00f3n destruir\u00e1 los trabajos presentados as\u00ed como los datos de todos los participantes.<\/p>\n\n\n\n<h2 class=\"wp-block-heading\">OCTAVA.- Normas finales.<\/h2>\n\n\n\n<p>Contra estas bases, su convocatoria y cuantos actos administrativos se deriven de la misma y de la actuaci\u00f3n del tribunal, podr\u00e1n los interesados\/as impugnarlos en los casos y en la forma establecidos en la Ley 39\/2015 de 1 de octubre del Procedimiento Administrativo Com\u00fan.<\/p>\n\n\n\n<p><em>En Aspe, a 16 de abril de 2019.<\/em><\/p>\n\n\n\n<p>Puede descargar el documento de las presentes bases en formato PDF pulsando en el siguiente enlace: <a href=\"https:\/\/web.morosycristianosdeaspe.es\/wp-content\/uploads\/2019\/04\/cartel-PDF.pdf\" target=\"_blank\" rel=\"noreferrer noopener\" aria-label=\"https:\/\/web.morosycristianosdeaspe.es\/wp-content\/uploads\/2019\/04\/cartel-PDF.pdf (abre en una nueva pesta\u00f1a)\">https:\/\/web.morosycristianosdeaspe.es\/wp-content\/uploads\/2019\/04\/cartel-PDF.pdf<\/a> <\/p>\n","protected":false},"excerpt":{"rendered":"<p>BASES PRIMERA.- Participantes. Podr\u00e1n participar en el concurso cuantos artistas y dise\u00f1adores est\u00e9n interesados en el mismo, individualmente o en equipo. SEGUNDA.- Tema, caracter\u00edsticas t\u00e9cnicas, rotulaci\u00f3n y lema. A.- Tema: El asunto de las obras deber\u00e1 tener en cuenta la Fiestas de Moros y Cristianos de Aspe. Los trabajos han de ser originales e in\u00e9ditos, [&hellip;]<\/p>\n","protected":false},"author":1,"featured_media":0,"comment_status":"closed","ping_status":"closed","sticky":false,"template":"","format":"standard","meta":{"footnotes":""},"categories":[1],"tags":[],"class_list":["post-2065","post","type-post","status-publish","format-standard","hentry","category-nocat"],"_links":{"self":[{"href":"https:\/\/web.morosycristianosdeaspe.es\/index.php?rest_route=\/wp\/v2\/posts\/2065","targetHints":{"allow":["GET"]}}],"collection":[{"href":"https:\/\/web.morosycristianosdeaspe.es\/index.php?rest_route=\/wp\/v2\/posts"}],"about":[{"href":"https:\/\/web.morosycristianosdeaspe.es\/index.php?rest_route=\/wp\/v2\/types\/post"}],"author":[{"embeddable":true,"href":"https:\/\/web.morosycristianosdeaspe.es\/index.php?rest_route=\/wp\/v2\/users\/1"}],"replies":[{"embeddable":true,"href":"https:\/\/web.morosycristianosdeaspe.es\/index.php?rest_route=%2Fwp%2Fv2%2Fcomments&post=2065"}],"version-history":[{"count":3,"href":"https:\/\/web.morosycristianosdeaspe.es\/index.php?rest_route=\/wp\/v2\/posts\/2065\/revisions"}],"predecessor-version":[{"id":2069,"href":"https:\/\/web.morosycristianosdeaspe.es\/index.php?rest_route=\/wp\/v2\/posts\/2065\/revisions\/2069"}],"wp:attachment":[{"href":"https:\/\/web.morosycristianosdeaspe.es\/index.php?rest_route=%2Fwp%2Fv2%2Fmedia&parent=2065"}],"wp:term":[{"taxonomy":"category","embeddable":true,"href":"https:\/\/web.morosycristianosdeaspe.es\/index.php?rest_route=%2Fwp%2Fv2%2Fcategories&post=2065"},{"taxonomy":"post_tag","embeddable":true,"href":"https:\/\/web.morosycristianosdeaspe.es\/index.php?rest_route=%2Fwp%2Fv2%2Ftags&post=2065"}],"curies":[{"name":"wp","href":"https:\/\/api.w.org\/{rel}","templated":true}]}}