{"id":2104,"date":"2021-11-25T07:41:07","date_gmt":"2021-11-25T06:41:07","guid":{"rendered":"http:\/\/web.morosycristianosdeaspe.es\/?p=2104"},"modified":"2021-11-25T21:51:56","modified_gmt":"2021-11-25T20:51:56","slug":"candidaturas-presentadas-para-eleccion-de-presidente-y-junta-directiva-de-la-union-2","status":"publish","type":"post","link":"https:\/\/web.morosycristianosdeaspe.es\/?p=2104","title":{"rendered":"Candidaturas presentadas para elecci\u00f3n de Presidente y Junta Directiva de la Uni\u00f3n"},"content":{"rendered":"\n<p>Tal y como indica el punto 1.4 del&nbsp;<em>Procedimiento para la convocatoria de elecciones a Presidente de la Uni\u00f3n<\/em>, a continuaci\u00f3n se hacen p\u00fablicas las candidaturas presentada en el plazo estipulado en el punto 1.3 de dicho procedimiento<\/p>\n\n\n\n<p><em><strong>CANDIDATURA ENRIQUE ANTONIO ALENDA GALVA\u00d1<\/strong><\/em><\/p>\n\n\n\n<figure class=\"wp-block-table\"><table><tbody><tr><td><strong>NOMBRE Y APELLIDOS<\/strong><\/td><td><\/td><td><strong>ASOCIACI\u00d3N<\/strong><\/td><td><strong>CARGO<\/strong><\/td><\/tr><tr><td>&nbsp;<\/td><td>&nbsp;<\/td><td>&nbsp;<\/td><td>&nbsp;<\/td><\/tr><tr><td>ENRIQUE ANTONIO &nbsp;ALENDA &nbsp;GALVA\u00d1<\/td><td><\/td><td>COMPARSA CRISTIANOS DUQUE DE MAQUEDA<\/td><td>PRESIDENTE<\/td><\/tr><tr><td>CARLOS&nbsp;&nbsp;&nbsp;&nbsp;&nbsp;&nbsp;&nbsp;&nbsp;&nbsp;&nbsp;&nbsp;&nbsp; &nbsp;VICEDO GONZ\u00c1LEZ<\/td><td><\/td><td>ESTUDIANTES .<\/td><td>VICEPRESIDENTE&nbsp;&nbsp;&nbsp;&nbsp;&nbsp;&nbsp;&nbsp;&nbsp;&nbsp;&nbsp;&nbsp;&nbsp;&nbsp;&nbsp;&nbsp;&nbsp;&nbsp;&nbsp; &nbsp;1\u00ba. TESORERO.<\/td><\/tr><tr><td>JOSE &nbsp;MANUEL &nbsp;MATEO SOLER<\/td><td><\/td><td>ESTUDIANTES<\/td><td>VICEPRESIDENTE2\u00ba<\/td><\/tr><tr><td>ANA&nbsp;&nbsp;&nbsp; CERDAN HERN\u00c1NDEZ<\/td><td><\/td><td>CONTRABANDIS TAS<\/td><td>SECRETARIA<\/td><\/tr><tr><td>AFRICA&nbsp;&nbsp;&nbsp;&nbsp;&nbsp;&nbsp;&nbsp;&nbsp;&nbsp;&nbsp;&nbsp;&nbsp; &nbsp;ALENDA MART\u00cdNEZ<\/td><td><\/td><td>DUQUE&nbsp;&nbsp;&nbsp;&nbsp;&nbsp;&nbsp;&nbsp;&nbsp;&nbsp;&nbsp;&nbsp; &nbsp;DE MAQUEDA<\/td><td>VOCAL<\/td><\/tr><tr><td>FRANCISCO&nbsp;&nbsp;&nbsp;&nbsp;&nbsp;&nbsp;&nbsp; &nbsp;AYALA HERN\u00c1NDEZ<\/td><td><\/td><td>SULAYMAN<\/td><td>VOCAL<\/td><\/tr><tr><td>MIGUEL&nbsp;&nbsp;&nbsp;&nbsp;&nbsp;&nbsp;&nbsp;&nbsp; ANGEL BARBER\u00c1 HERN\u00c1NDEZ<\/td><td><\/td><td>FAUQUIES<\/td><td>VOCAL<\/td><\/tr><tr><td>FRANCISCO CALATAYUD P\u00c9REZ<\/td><td><\/td><td>CONTRABANDIS TAS<\/td><td>VOCAL<\/td><\/tr><tr><td>IAN CERD\u00c1N MOLINA<\/td><td><\/td><td>DUQUE&nbsp;&nbsp;&nbsp;&nbsp;&nbsp;&nbsp;&nbsp;&nbsp; &nbsp;DE MAQUEDA<\/td><td>VOCAL<\/td><\/tr><tr><td>SERGIO DIEZ PRIETO<\/td><td><\/td><td>DUQUE&nbsp;&nbsp;&nbsp;&nbsp;&nbsp;&nbsp;&nbsp;&nbsp; &nbsp;DE MAQUEDA<\/td><td>VOCAL<\/td><\/tr><tr><td>AARON&nbsp;&nbsp;&nbsp;&nbsp;&nbsp;&nbsp;&nbsp;&nbsp;&nbsp;&nbsp;&nbsp;&nbsp;&nbsp; &nbsp;ERADES GALVA\u00d1<\/td><td><\/td><td>SULAYMAN<\/td><td>VOCAL<\/td><\/tr><tr><td>~<\/td><td>&nbsp;<\/td><td>&nbsp;<\/td><td><\/td><\/tr><tr><td>ROSA&nbsp;&nbsp;&nbsp;&nbsp;&nbsp;&nbsp;&nbsp;&nbsp;&nbsp;&nbsp;&nbsp;&nbsp;&nbsp;&nbsp; &nbsp;PUJALTE ALCOLEA<\/td><td><\/td><td>ALJAU<\/td><td>VOCAL<\/td><\/tr><\/tbody><\/table><\/figure>\n\n\n\n<p><\/p>\n\n\n\n<p><strong><em>CANDIDATURA JUANI ABELLAN<\/em><\/strong><\/p>\n\n\n\n<figure class=\"wp-block-table\"><table><tbody><tr><td><strong>NOMBRE Y APELLIDOS<\/strong><\/td><td><\/td><td><strong>ASOCIACI\u00d3N<\/strong><\/td><td><strong>CARGO<\/strong><\/td><\/tr><tr><td><strong>&nbsp;<\/strong><\/td><td><strong>&nbsp;<\/strong><\/td><td><strong>&nbsp;<\/strong><\/td><td><strong>&nbsp;<\/strong><\/td><\/tr><tr><td>Juana M\u00aa Abell\u00e1n Falc\u00f3<\/td><td><\/td><td>Comparsa Cristiana Lanceros de Uchel<\/td><td>Presidente<\/td><\/tr><tr><td>Daniel Cano Mart\u00ednez<\/td><td><\/td><td>Comparsa Cristiana Lanceros de Uchel<\/td><td>Vicepresidente 1\u00ba<\/td><\/tr><tr><td>Bego\u00f1a Erades Olivares<\/td><td><\/td><td>Comparsa Cristiana Duque de Maqueda<\/td><td>Vicepresidente 2\u00ba<\/td><\/tr><tr><td>Antonio Ca\u00f1izares Berenguer<\/td><td><\/td><td>Comparsa Moros Aljau<\/td><td>Tesorero<\/td><\/tr><tr><td>Mar\u00eda Jos\u00e9 Cremades Hern\u00e1ndez<\/td><td><\/td><td>Comparsa Cristianos Contrabandistas de la Sierra Negra<\/td><td>Secretar\u00eda<\/td><\/tr><tr><td>Ismael Francisco Gonz\u00e1lez Pav\u00eda<\/td><td><\/td><td>Comparsa Moros Alcan\u00e1<\/td><td>Alcalde de Fiestas<\/td><\/tr><tr><td>Ana Isabel P\u00e9rez de la Rosa<\/td><td><\/td><td>Comparsa Cristiana Lanceros de Uchel<\/td><td>Organizaci\u00f3n de Eventos Festeros<\/td><\/tr><tr><td>Vicente Carlos Cerd\u00e1n P\u00e9rez<\/td><td><\/td><td>Comparsa Cristiana Lanceros de Uchel<\/td><td>Organizaci\u00f3n de Fiestas<\/td><\/tr><tr><td>Gloria And\u00fajar P\u00e9rez<\/td><td><\/td><td>Comparsa Moros Fauqu\u00edes<\/td><td>Vicesecretaria<\/td><\/tr><tr><td>Elena Calatayud Cerd\u00e1n<\/td><td><\/td><td>Comparsa Cristiana Duque de Maqueda<\/td><td>Redes Sociales y P\u00e1gina web<\/td><\/tr><\/tbody><\/table><\/figure>\n\n\n\n<p>En Aspe a 9 de Noviembre de 2021.<\/p>\n\n\n\n<p><\/p>\n","protected":false},"excerpt":{"rendered":"<p>Tal y como indica el punto 1.4 del&nbsp;Procedimiento para la convocatoria de elecciones a Presidente de la Uni\u00f3n, a continuaci\u00f3n se hacen p\u00fablicas las candidaturas presentada en el plazo estipulado en el punto 1.3 de dicho procedimiento CANDIDATURA ENRIQUE ANTONIO ALENDA GALVA\u00d1 NOMBRE Y APELLIDOS ASOCIACI\u00d3N CARGO &nbsp; &nbsp; &nbsp; &nbsp; ENRIQUE ANTONIO &nbsp;ALENDA &nbsp;GALVA\u00d1 [&hellip;]<\/p>\n","protected":false},"author":1,"featured_media":0,"comment_status":"closed","ping_status":"closed","sticky":false,"template":"","format":"standard","meta":{"footnotes":""},"categories":[1],"tags":[],"class_list":["post-2104","post","type-post","status-publish","format-standard","hentry","category-nocat"],"_links":{"self":[{"href":"https:\/\/web.morosycristianosdeaspe.es\/index.php?rest_route=\/wp\/v2\/posts\/2104","targetHints":{"allow":["GET"]}}],"collection":[{"href":"https:\/\/web.morosycristianosdeaspe.es\/index.php?rest_route=\/wp\/v2\/posts"}],"about":[{"href":"https:\/\/web.morosycristianosdeaspe.es\/index.php?rest_route=\/wp\/v2\/types\/post"}],"author":[{"embeddable":true,"href":"https:\/\/web.morosycristianosdeaspe.es\/index.php?rest_route=\/wp\/v2\/users\/1"}],"replies":[{"embeddable":true,"href":"https:\/\/web.morosycristianosdeaspe.es\/index.php?rest_route=%2Fwp%2Fv2%2Fcomments&post=2104"}],"version-history":[{"count":4,"href":"https:\/\/web.morosycristianosdeaspe.es\/index.php?rest_route=\/wp\/v2\/posts\/2104\/revisions"}],"predecessor-version":[{"id":2110,"href":"https:\/\/web.morosycristianosdeaspe.es\/index.php?rest_route=\/wp\/v2\/posts\/2104\/revisions\/2110"}],"wp:attachment":[{"href":"https:\/\/web.morosycristianosdeaspe.es\/index.php?rest_route=%2Fwp%2Fv2%2Fmedia&parent=2104"}],"wp:term":[{"taxonomy":"category","embeddable":true,"href":"https:\/\/web.morosycristianosdeaspe.es\/index.php?rest_route=%2Fwp%2Fv2%2Fcategories&post=2104"},{"taxonomy":"post_tag","embeddable":true,"href":"https:\/\/web.morosycristianosdeaspe.es\/index.php?rest_route=%2Fwp%2Fv2%2Ftags&post=2104"}],"curies":[{"name":"wp","href":"https:\/\/api.w.org\/{rel}","templated":true}]}}