{"id":2119,"date":"2022-01-29T17:37:54","date_gmt":"2022-01-29T16:37:54","guid":{"rendered":"http:\/\/web.morosycristianosdeaspe.es\/?p=2119"},"modified":"2022-01-29T17:37:54","modified_gmt":"2022-01-29T16:37:54","slug":"aprobado-el-calendario-de-fiestas-para-2022","status":"publish","type":"post","link":"https:\/\/web.morosycristianosdeaspe.es\/?p=2119","title":{"rendered":"Aprobado el Calendario de Fiestas para 2022"},"content":{"rendered":"\n<p>La Junta de Gobierno de la Uni\u00f3n de Moros y Cristianos Virgen de las Nieves, aprob\u00f3 por unanimidad, en sesi\u00f3n celebrada el pasado 27 de enero el Calendario Festero para 2022, que quedar\u00e1 de la siguiente forma:<\/p>\n\n\n\n<p><\/p>\n\n\n\n<figure class=\"wp-block-image size-large\"><a href=\"https:\/\/web.morosycristianosdeaspe.es\/wp-content\/uploads\/2022\/01\/CALENDARIO-DE-ACTOS-2022-PDF_page-0001.jpg\"><img loading=\"lazy\" decoding=\"async\" width=\"724\" height=\"1024\" src=\"https:\/\/web.morosycristianosdeaspe.es\/wp-content\/uploads\/2022\/01\/CALENDARIO-DE-ACTOS-2022-PDF_page-0001-724x1024.jpg\" alt=\"\" class=\"wp-image-2121\" srcset=\"https:\/\/web.morosycristianosdeaspe.es\/wp-content\/uploads\/2022\/01\/CALENDARIO-DE-ACTOS-2022-PDF_page-0001-724x1024.jpg 724w, https:\/\/web.morosycristianosdeaspe.es\/wp-content\/uploads\/2022\/01\/CALENDARIO-DE-ACTOS-2022-PDF_page-0001-212x300.jpg 212w, https:\/\/web.morosycristianosdeaspe.es\/wp-content\/uploads\/2022\/01\/CALENDARIO-DE-ACTOS-2022-PDF_page-0001-768x1086.jpg 768w, https:\/\/web.morosycristianosdeaspe.es\/wp-content\/uploads\/2022\/01\/CALENDARIO-DE-ACTOS-2022-PDF_page-0001-1086x1536.jpg 1086w, https:\/\/web.morosycristianosdeaspe.es\/wp-content\/uploads\/2022\/01\/CALENDARIO-DE-ACTOS-2022-PDF_page-0001-690x976.jpg 690w, https:\/\/web.morosycristianosdeaspe.es\/wp-content\/uploads\/2022\/01\/CALENDARIO-DE-ACTOS-2022-PDF_page-0001-980x1386.jpg 980w, https:\/\/web.morosycristianosdeaspe.es\/wp-content\/uploads\/2022\/01\/CALENDARIO-DE-ACTOS-2022-PDF_page-0001.jpg 1241w\" sizes=\"auto, (max-width: 724px) 100vw, 724px\" \/><\/a><\/figure>\n\n\n\n<p><\/p>\n","protected":false},"excerpt":{"rendered":"<p>La Junta de Gobierno de la Uni\u00f3n de Moros y Cristianos Virgen de las Nieves, aprob\u00f3 por unanimidad, en sesi\u00f3n celebrada el pasado 27 de enero el Calendario Festero para 2022, que quedar\u00e1 de la siguiente forma:<\/p>\n","protected":false},"author":1,"featured_media":0,"comment_status":"closed","ping_status":"closed","sticky":false,"template":"","format":"standard","meta":{"footnotes":""},"categories":[1],"tags":[],"class_list":["post-2119","post","type-post","status-publish","format-standard","hentry","category-nocat"],"_links":{"self":[{"href":"https:\/\/web.morosycristianosdeaspe.es\/index.php?rest_route=\/wp\/v2\/posts\/2119","targetHints":{"allow":["GET"]}}],"collection":[{"href":"https:\/\/web.morosycristianosdeaspe.es\/index.php?rest_route=\/wp\/v2\/posts"}],"about":[{"href":"https:\/\/web.morosycristianosdeaspe.es\/index.php?rest_route=\/wp\/v2\/types\/post"}],"author":[{"embeddable":true,"href":"https:\/\/web.morosycristianosdeaspe.es\/index.php?rest_route=\/wp\/v2\/users\/1"}],"replies":[{"embeddable":true,"href":"https:\/\/web.morosycristianosdeaspe.es\/index.php?rest_route=%2Fwp%2Fv2%2Fcomments&post=2119"}],"version-history":[{"count":2,"href":"https:\/\/web.morosycristianosdeaspe.es\/index.php?rest_route=\/wp\/v2\/posts\/2119\/revisions"}],"predecessor-version":[{"id":2122,"href":"https:\/\/web.morosycristianosdeaspe.es\/index.php?rest_route=\/wp\/v2\/posts\/2119\/revisions\/2122"}],"wp:attachment":[{"href":"https:\/\/web.morosycristianosdeaspe.es\/index.php?rest_route=%2Fwp%2Fv2%2Fmedia&parent=2119"}],"wp:term":[{"taxonomy":"category","embeddable":true,"href":"https:\/\/web.morosycristianosdeaspe.es\/index.php?rest_route=%2Fwp%2Fv2%2Fcategories&post=2119"},{"taxonomy":"post_tag","embeddable":true,"href":"https:\/\/web.morosycristianosdeaspe.es\/index.php?rest_route=%2Fwp%2Fv2%2Ftags&post=2119"}],"curies":[{"name":"wp","href":"https:\/\/api.w.org\/{rel}","templated":true}]}}