{"id":2129,"date":"2022-03-01T01:03:51","date_gmt":"2022-03-01T00:03:51","guid":{"rendered":"http:\/\/web.morosycristianosdeaspe.es\/?p=2129"},"modified":"2022-03-01T01:03:51","modified_gmt":"2022-03-01T00:03:51","slug":"el-teatro-wagner-albergara-el-certamen-nacional-de-interpretacion-de-musica-festera","status":"publish","type":"post","link":"https:\/\/web.morosycristianosdeaspe.es\/?p=2129","title":{"rendered":"El Teatro Wagner albergar\u00e1 el Certamen Nacional de Interpretaci\u00f3n de M\u00fasica Festera"},"content":{"rendered":"\n<p>Durante la Asamblea de UNDEF celebrada hoy en Los Alc\u00e1zares, se ha hecho p\u00fablico que el 15 de Octubre, el Teatro Wagner albergar\u00e1 el Certamen Nacional de Interpretaci\u00f3n de M\u00fasica Festera. Una gran noticia para Aspe y para la Uni\u00f3n de Moros y Cristianos Virgen de las Nieves. Agradecemos a la Presidenta de UNDEF, Pepa Prats, a su Junta Directiva, a nuestro Alcalde, Antonio Puerto y a la Concejala de Cultura, Rosa Ruiz, la gran predisposici\u00f3n para traer a nuestra poblaci\u00f3n tan importante evento.<\/p>\n\n\n\n<p><\/p>\n\n\n\n<figure class=\"wp-block-image\"><img decoding=\"async\" src=\"https:\/\/scontent.fmad8-1.fna.fbcdn.net\/v\/t39.30808-6\/274468125_3082708265304081_4647070966273330711_n.jpg?_nc_cat=111&amp;ccb=1-5&amp;_nc_sid=8bfeb9&amp;_nc_ohc=W5Drrqcbu18AX-NTbnJ&amp;tn=6MctIzagxXL4TnAZ&amp;_nc_ht=scontent.fmad8-1.fna&amp;oh=00_AT8kUHpO-ia_XIFwYHOO-MfpgzFZz9GJrnYNvz0KcxsBZA&amp;oe=622280A0\" alt=\"Puede ser una imagen de 5 personas y personas de pie\"\/><\/figure>\n","protected":false},"excerpt":{"rendered":"<p>Durante la Asamblea de UNDEF celebrada hoy en Los Alc\u00e1zares, se ha hecho p\u00fablico que el 15 de Octubre, el Teatro Wagner albergar\u00e1 el Certamen Nacional de Interpretaci\u00f3n de M\u00fasica Festera. Una gran noticia para Aspe y para la Uni\u00f3n de Moros y Cristianos Virgen de las Nieves. Agradecemos a la Presidenta de UNDEF, Pepa [&hellip;]<\/p>\n","protected":false},"author":1,"featured_media":0,"comment_status":"closed","ping_status":"closed","sticky":false,"template":"","format":"standard","meta":{"footnotes":""},"categories":[1],"tags":[],"class_list":["post-2129","post","type-post","status-publish","format-standard","hentry","category-nocat"],"_links":{"self":[{"href":"https:\/\/web.morosycristianosdeaspe.es\/index.php?rest_route=\/wp\/v2\/posts\/2129","targetHints":{"allow":["GET"]}}],"collection":[{"href":"https:\/\/web.morosycristianosdeaspe.es\/index.php?rest_route=\/wp\/v2\/posts"}],"about":[{"href":"https:\/\/web.morosycristianosdeaspe.es\/index.php?rest_route=\/wp\/v2\/types\/post"}],"author":[{"embeddable":true,"href":"https:\/\/web.morosycristianosdeaspe.es\/index.php?rest_route=\/wp\/v2\/users\/1"}],"replies":[{"embeddable":true,"href":"https:\/\/web.morosycristianosdeaspe.es\/index.php?rest_route=%2Fwp%2Fv2%2Fcomments&post=2129"}],"version-history":[{"count":1,"href":"https:\/\/web.morosycristianosdeaspe.es\/index.php?rest_route=\/wp\/v2\/posts\/2129\/revisions"}],"predecessor-version":[{"id":2130,"href":"https:\/\/web.morosycristianosdeaspe.es\/index.php?rest_route=\/wp\/v2\/posts\/2129\/revisions\/2130"}],"wp:attachment":[{"href":"https:\/\/web.morosycristianosdeaspe.es\/index.php?rest_route=%2Fwp%2Fv2%2Fmedia&parent=2129"}],"wp:term":[{"taxonomy":"category","embeddable":true,"href":"https:\/\/web.morosycristianosdeaspe.es\/index.php?rest_route=%2Fwp%2Fv2%2Fcategories&post=2129"},{"taxonomy":"post_tag","embeddable":true,"href":"https:\/\/web.morosycristianosdeaspe.es\/index.php?rest_route=%2Fwp%2Fv2%2Ftags&post=2129"}],"curies":[{"name":"wp","href":"https:\/\/api.w.org\/{rel}","templated":true}]}}