{"id":2171,"date":"2023-02-08T15:55:13","date_gmt":"2023-02-08T14:55:13","guid":{"rendered":"http:\/\/web.morosycristianosdeaspe.es\/?p=2171"},"modified":"2023-02-08T15:56:56","modified_gmt":"2023-02-08T14:56:56","slug":"ramon-enrique-canovas-sera-director-de-la-revista-aspis-2023","status":"publish","type":"post","link":"https:\/\/web.morosycristianosdeaspe.es\/?p=2171","title":{"rendered":"Ram\u00f3n Enrique C\u00e1novas ser\u00e1 director de la revista Aspis 2023"},"content":{"rendered":"\n<p>Para la Uni\u00f3n de Moros y Cristianos Virgen de las Nieves, representa una gran alegr\u00eda comunicar que Ram\u00f3n Enrique C\u00e1novas Galva\u00f1, ser\u00e1 director de la revista Aspis 2023. La noticia fue conocida por los representantes de comparsas en la Junta de Gobierno celebrada el 26 de enero. Felicitamos a Ram\u00f3n Enrique y deseamos los mayores \u00e9xitos en su cometido.<\/p>\n\n\n\n<figure class=\"wp-block-gallery has-nested-images columns-default is-cropped wp-block-gallery-1 is-layout-flex wp-block-gallery-is-layout-flex\">\n<figure class=\"wp-block-image size-large\"><a href=\"https:\/\/web.morosycristianosdeaspe.es\/wp-content\/uploads\/2023\/02\/WhatsApp-Image-2023-01-27-at-08.22.31.jpeg\"><img loading=\"lazy\" decoding=\"async\" width=\"1024\" height=\"849\" data-id=\"2172\" src=\"https:\/\/web.morosycristianosdeaspe.es\/wp-content\/uploads\/2023\/02\/WhatsApp-Image-2023-01-27-at-08.22.31-1024x849.jpeg\" alt=\"\" class=\"wp-image-2172\" srcset=\"https:\/\/web.morosycristianosdeaspe.es\/wp-content\/uploads\/2023\/02\/WhatsApp-Image-2023-01-27-at-08.22.31-1024x849.jpeg 1024w, https:\/\/web.morosycristianosdeaspe.es\/wp-content\/uploads\/2023\/02\/WhatsApp-Image-2023-01-27-at-08.22.31-300x249.jpeg 300w, https:\/\/web.morosycristianosdeaspe.es\/wp-content\/uploads\/2023\/02\/WhatsApp-Image-2023-01-27-at-08.22.31-768x636.jpeg 768w, https:\/\/web.morosycristianosdeaspe.es\/wp-content\/uploads\/2023\/02\/WhatsApp-Image-2023-01-27-at-08.22.31-690x572.jpeg 690w, https:\/\/web.morosycristianosdeaspe.es\/wp-content\/uploads\/2023\/02\/WhatsApp-Image-2023-01-27-at-08.22.31-980x812.jpeg 980w, https:\/\/web.morosycristianosdeaspe.es\/wp-content\/uploads\/2023\/02\/WhatsApp-Image-2023-01-27-at-08.22.31.jpeg 1080w\" sizes=\"auto, (max-width: 1024px) 100vw, 1024px\" \/><\/a><\/figure>\n<\/figure>\n\n\n\n<p><\/p>\n\n\n\n<p><\/p>\n\n\n<div class=\"wp-block-image\">\n<figure class=\"aligncenter size-full\"><a href=\"https:\/\/web.morosycristianosdeaspe.es\/wp-content\/uploads\/2023\/02\/WhatsApp-Image-2023-01-27-at-08.21.49-1.jpeg\"><img loading=\"lazy\" decoding=\"async\" width=\"308\" height=\"410\" src=\"https:\/\/web.morosycristianosdeaspe.es\/wp-content\/uploads\/2023\/02\/WhatsApp-Image-2023-01-27-at-08.21.49-1.jpeg\" alt=\"\" class=\"wp-image-2175\" srcset=\"https:\/\/web.morosycristianosdeaspe.es\/wp-content\/uploads\/2023\/02\/WhatsApp-Image-2023-01-27-at-08.21.49-1.jpeg 308w, https:\/\/web.morosycristianosdeaspe.es\/wp-content\/uploads\/2023\/02\/WhatsApp-Image-2023-01-27-at-08.21.49-1-225x300.jpeg 225w\" sizes=\"auto, (max-width: 308px) 100vw, 308px\" \/><\/a><\/figure>\n<\/div>\n\n","protected":false},"excerpt":{"rendered":"<p>Para la Uni\u00f3n de Moros y Cristianos Virgen de las Nieves, representa una gran alegr\u00eda comunicar que Ram\u00f3n Enrique C\u00e1novas Galva\u00f1, ser\u00e1 director de la revista Aspis 2023. La noticia fue conocida por los representantes de comparsas en la Junta de Gobierno celebrada el 26 de enero. Felicitamos a Ram\u00f3n Enrique y deseamos los mayores [&hellip;]<\/p>\n","protected":false},"author":1,"featured_media":0,"comment_status":"closed","ping_status":"closed","sticky":false,"template":"","format":"standard","meta":{"footnotes":""},"categories":[1],"tags":[],"class_list":["post-2171","post","type-post","status-publish","format-standard","hentry","category-nocat"],"_links":{"self":[{"href":"https:\/\/web.morosycristianosdeaspe.es\/index.php?rest_route=\/wp\/v2\/posts\/2171","targetHints":{"allow":["GET"]}}],"collection":[{"href":"https:\/\/web.morosycristianosdeaspe.es\/index.php?rest_route=\/wp\/v2\/posts"}],"about":[{"href":"https:\/\/web.morosycristianosdeaspe.es\/index.php?rest_route=\/wp\/v2\/types\/post"}],"author":[{"embeddable":true,"href":"https:\/\/web.morosycristianosdeaspe.es\/index.php?rest_route=\/wp\/v2\/users\/1"}],"replies":[{"embeddable":true,"href":"https:\/\/web.morosycristianosdeaspe.es\/index.php?rest_route=%2Fwp%2Fv2%2Fcomments&post=2171"}],"version-history":[{"count":3,"href":"https:\/\/web.morosycristianosdeaspe.es\/index.php?rest_route=\/wp\/v2\/posts\/2171\/revisions"}],"predecessor-version":[{"id":2177,"href":"https:\/\/web.morosycristianosdeaspe.es\/index.php?rest_route=\/wp\/v2\/posts\/2171\/revisions\/2177"}],"wp:attachment":[{"href":"https:\/\/web.morosycristianosdeaspe.es\/index.php?rest_route=%2Fwp%2Fv2%2Fmedia&parent=2171"}],"wp:term":[{"taxonomy":"category","embeddable":true,"href":"https:\/\/web.morosycristianosdeaspe.es\/index.php?rest_route=%2Fwp%2Fv2%2Fcategories&post=2171"},{"taxonomy":"post_tag","embeddable":true,"href":"https:\/\/web.morosycristianosdeaspe.es\/index.php?rest_route=%2Fwp%2Fv2%2Ftags&post=2171"}],"curies":[{"name":"wp","href":"https:\/\/api.w.org\/{rel}","templated":true}]}}