{"id":2199,"date":"2023-03-29T22:14:51","date_gmt":"2023-03-29T21:14:51","guid":{"rendered":"http:\/\/web.morosycristianosdeaspe.es\/?p=2199"},"modified":"2023-03-29T22:14:51","modified_gmt":"2023-03-29T21:14:51","slug":"maria-berenguer-prieto-sera-directora-del-himno-de-fiestas-de-moros-y-cristianos-2023","status":"publish","type":"post","link":"https:\/\/web.morosycristianosdeaspe.es\/?p=2199","title":{"rendered":"Maria Berenguer Prieto ser\u00e1 directora del Himno de Fiestas de Moros y Cristianos 2023"},"content":{"rendered":"\n<p>Nacida en Aspe en 1995, su pasi\u00f3n por la m\u00fasica comienza en la banda del Ateneo Musical Maestro Gilabert, donde a los 10 a\u00f1os inicia su formaci\u00f3n como percusionista y de la que sigue siendo miembro actualmente.<\/p>\n\n\n\n<p>Tras su paso por la Escuela de M\u00fasica Maestro Alcolea sigue con sus estudios profesionales en el Conservatorio de Elche para posteriormente continuar su formaci\u00f3n en el Centro Superior Katarina Gurska de Madrid de la mano de los profesores Rafa G\u00e1lvez y Juanjo Guillem. Complementa su formaci\u00f3n musical con la realizaci\u00f3n de un M\u00e1ster de Interpretaci\u00f3n Solista.<\/p>\n\n\n\n<p>En su faceta de m\u00fasico orquestal colabora habitualmente con agrupaciones como Orquesta de la Comunidad de Madrid (ORCAM), Royal Film Concert Orchestra, Orquesta de Direcci\u00f3n del CSKG, Orquesta Sinf\u00f3nica de Mujeres de Madrid, entre otras. Tambi\u00e9n ha sido miembro de la Joven Orquesta de la Comunidad Madrid, la Joven Orquesta de la FSMCV o la Orquesta Joven de la Provincia de Alicante; actuando en numerosos auditorios de renombre como Musikverein de Viena, el Auditorio Nacional de Madrid, el Palau de les Arts Reina Sof\u00eda de Valencia, el Teatro de la Zarzuela de Madrid, el ADDA de Alicante, el Teatro Real de Madrid, el Teatro Romea de Murcia, el Auditorio Baluarte de Pamplona, o el Palau de la M\u00fasica de Barcelona; con directores de la talla de Andr\u00e9s Orozco-Estrada, Jaime Mart\u00edn, V\u00edctor Pablo P\u00e9rez, Crist\u00f3bal Soler, George Pehlivanian, Guillermo Garc\u00eda Calvo o Manuel Coves.<\/p>\n\n\n\n<p>Actualmente es profesora de percusi\u00f3n en el Instituto de Artes Esc\u00e9nicas de Madrid y en la Escuela de M\u00fasica Sol Menor.<\/p>\n\n\n\n<p>Siempre ha sido part\u00edcipe de las fiestas de Moros y Cristianos de Aspe como m\u00fasico, tocando con el Ateneo Musical Maestro Gilabert y la charanga Los Tr\u00e9boles, pero adem\u00e1s este a\u00f1o, se ha incorporado como comparsista a&nbsp;Moros Sulayman.<\/p>\n\n\n\n<p><\/p>\n\n\n\n<figure class=\"wp-block-image size-large is-resized\"><a href=\"https:\/\/web.morosycristianosdeaspe.es\/wp-content\/uploads\/2023\/03\/Foto-KG-1-scaled.jpg\"><img loading=\"lazy\" decoding=\"async\" src=\"https:\/\/web.morosycristianosdeaspe.es\/wp-content\/uploads\/2023\/03\/Foto-KG-1-682x1024.jpg\" alt=\"\" class=\"wp-image-2200\" width=\"296\" height=\"445\" srcset=\"https:\/\/web.morosycristianosdeaspe.es\/wp-content\/uploads\/2023\/03\/Foto-KG-1-682x1024.jpg 682w, https:\/\/web.morosycristianosdeaspe.es\/wp-content\/uploads\/2023\/03\/Foto-KG-1-200x300.jpg 200w, https:\/\/web.morosycristianosdeaspe.es\/wp-content\/uploads\/2023\/03\/Foto-KG-1-768x1154.jpg 768w, https:\/\/web.morosycristianosdeaspe.es\/wp-content\/uploads\/2023\/03\/Foto-KG-1-1023x1536.jpg 1023w, https:\/\/web.morosycristianosdeaspe.es\/wp-content\/uploads\/2023\/03\/Foto-KG-1-1364x2048.jpg 1364w, https:\/\/web.morosycristianosdeaspe.es\/wp-content\/uploads\/2023\/03\/Foto-KG-1-690x1036.jpg 690w, https:\/\/web.morosycristianosdeaspe.es\/wp-content\/uploads\/2023\/03\/Foto-KG-1-980x1472.jpg 980w, https:\/\/web.morosycristianosdeaspe.es\/wp-content\/uploads\/2023\/03\/Foto-KG-1-scaled.jpg 1704w\" sizes=\"auto, (max-width: 296px) 100vw, 296px\" \/><\/a><\/figure>\n","protected":false},"excerpt":{"rendered":"<p>Nacida en Aspe en 1995, su pasi\u00f3n por la m\u00fasica comienza en la banda del Ateneo Musical Maestro Gilabert, donde a los 10 a\u00f1os inicia su formaci\u00f3n como percusionista y de la que sigue siendo miembro actualmente. Tras su paso por la Escuela de M\u00fasica Maestro Alcolea sigue con sus estudios profesionales en el Conservatorio [&hellip;]<\/p>\n","protected":false},"author":1,"featured_media":0,"comment_status":"closed","ping_status":"closed","sticky":false,"template":"","format":"standard","meta":{"footnotes":""},"categories":[1],"tags":[],"class_list":["post-2199","post","type-post","status-publish","format-standard","hentry","category-nocat"],"_links":{"self":[{"href":"https:\/\/web.morosycristianosdeaspe.es\/index.php?rest_route=\/wp\/v2\/posts\/2199","targetHints":{"allow":["GET"]}}],"collection":[{"href":"https:\/\/web.morosycristianosdeaspe.es\/index.php?rest_route=\/wp\/v2\/posts"}],"about":[{"href":"https:\/\/web.morosycristianosdeaspe.es\/index.php?rest_route=\/wp\/v2\/types\/post"}],"author":[{"embeddable":true,"href":"https:\/\/web.morosycristianosdeaspe.es\/index.php?rest_route=\/wp\/v2\/users\/1"}],"replies":[{"embeddable":true,"href":"https:\/\/web.morosycristianosdeaspe.es\/index.php?rest_route=%2Fwp%2Fv2%2Fcomments&post=2199"}],"version-history":[{"count":2,"href":"https:\/\/web.morosycristianosdeaspe.es\/index.php?rest_route=\/wp\/v2\/posts\/2199\/revisions"}],"predecessor-version":[{"id":2202,"href":"https:\/\/web.morosycristianosdeaspe.es\/index.php?rest_route=\/wp\/v2\/posts\/2199\/revisions\/2202"}],"wp:attachment":[{"href":"https:\/\/web.morosycristianosdeaspe.es\/index.php?rest_route=%2Fwp%2Fv2%2Fmedia&parent=2199"}],"wp:term":[{"taxonomy":"category","embeddable":true,"href":"https:\/\/web.morosycristianosdeaspe.es\/index.php?rest_route=%2Fwp%2Fv2%2Fcategories&post=2199"},{"taxonomy":"post_tag","embeddable":true,"href":"https:\/\/web.morosycristianosdeaspe.es\/index.php?rest_route=%2Fwp%2Fv2%2Ftags&post=2199"}],"curies":[{"name":"wp","href":"https:\/\/api.w.org\/{rel}","templated":true}]}}