{"id":2203,"date":"2023-03-29T22:21:25","date_gmt":"2023-03-29T21:21:25","guid":{"rendered":"http:\/\/web.morosycristianosdeaspe.es\/?p=2203"},"modified":"2023-03-29T22:21:25","modified_gmt":"2023-03-29T21:21:25","slug":"edurne-garcia-aldeguer-designada-pregonera-infantil-2023","status":"publish","type":"post","link":"https:\/\/web.morosycristianosdeaspe.es\/?p=2203","title":{"rendered":"Edurne Garc\u00eda Aldeguer designada Pregonera Infantil 2023"},"content":{"rendered":"\n<p><strong><\/strong>La estudiante de ESO en el IES Villa de Aspe, Edurne Garc\u00eda Aldeguer, ser\u00e1 Pregonera Infantil de las Fiestas de Moros y Cristianos 2023 en el acto que tendr\u00e1 lugar en la Plaza Mayor, el pr\u00f3ximo 29 de julio.<\/p>\n\n\n\n<p>Edurne, pertenece a la Comparsa Contrabandistas de la Sierra Negra, que este a\u00f1o ostentar\u00e1 el Reinado Cristiano. Aunque sus padres no pertencen a ninguna comparsa, ella siempre se ha visto atra\u00edda por la Fiesta y una amiga le inst\u00f3 a ingresar a la comparsa, concretamente a la Escuadra Furtivas.<\/p>\n\n\n\n<p>Nacida en 2007, es aficionada al baile y tambi\u00e9n practica deporte, sin olvidar sus ratos dedicados a la lectura, escritura y dibujo.<\/p>\n\n\n\n<p>La Uni\u00f3n de Moros y Cristianos \u201cVirgen de las Nieves\u201d felicita a Edurne Garc\u00eda por su elecci\u00f3n, y estamos seguros que ser\u00e1 una gran pregonera. \u00a0<\/p>\n\n\n\n<figure class=\"wp-block-gallery has-nested-images columns-default is-cropped wp-block-gallery-1 is-layout-flex wp-block-gallery-is-layout-flex\"><\/figure>\n\n\n\n<figure class=\"wp-block-image size-large is-resized\"><a href=\"https:\/\/web.morosycristianosdeaspe.es\/wp-content\/uploads\/2023\/03\/Foto-Edurne-Garca-Aldeguer-2.jpg\"><img loading=\"lazy\" decoding=\"async\" src=\"https:\/\/web.morosycristianosdeaspe.es\/wp-content\/uploads\/2023\/03\/Foto-Edurne-Garca-Aldeguer-2-649x1024.jpg\" alt=\"\" class=\"wp-image-2206\" width=\"286\" height=\"450\" srcset=\"https:\/\/web.morosycristianosdeaspe.es\/wp-content\/uploads\/2023\/03\/Foto-Edurne-Garca-Aldeguer-2-649x1024.jpg 649w, https:\/\/web.morosycristianosdeaspe.es\/wp-content\/uploads\/2023\/03\/Foto-Edurne-Garca-Aldeguer-2-190x300.jpg 190w, https:\/\/web.morosycristianosdeaspe.es\/wp-content\/uploads\/2023\/03\/Foto-Edurne-Garca-Aldeguer-2-768x1211.jpg 768w, https:\/\/web.morosycristianosdeaspe.es\/wp-content\/uploads\/2023\/03\/Foto-Edurne-Garca-Aldeguer-2-974x1536.jpg 974w, https:\/\/web.morosycristianosdeaspe.es\/wp-content\/uploads\/2023\/03\/Foto-Edurne-Garca-Aldeguer-2-690x1088.jpg 690w, https:\/\/web.morosycristianosdeaspe.es\/wp-content\/uploads\/2023\/03\/Foto-Edurne-Garca-Aldeguer-2-980x1545.jpg 980w, https:\/\/web.morosycristianosdeaspe.es\/wp-content\/uploads\/2023\/03\/Foto-Edurne-Garca-Aldeguer-2.jpg 1071w\" sizes=\"auto, (max-width: 286px) 100vw, 286px\" \/><\/a><\/figure>\n","protected":false},"excerpt":{"rendered":"<p>La estudiante de ESO en el IES Villa de Aspe, Edurne Garc\u00eda Aldeguer, ser\u00e1 Pregonera Infantil de las Fiestas de Moros y Cristianos 2023 en el acto que tendr\u00e1 lugar en la Plaza Mayor, el pr\u00f3ximo 29 de julio. Edurne, pertenece a la Comparsa Contrabandistas de la Sierra Negra, que este a\u00f1o ostentar\u00e1 el Reinado [&hellip;]<\/p>\n","protected":false},"author":1,"featured_media":0,"comment_status":"closed","ping_status":"closed","sticky":false,"template":"","format":"standard","meta":{"footnotes":""},"categories":[1],"tags":[],"class_list":["post-2203","post","type-post","status-publish","format-standard","hentry","category-nocat"],"_links":{"self":[{"href":"https:\/\/web.morosycristianosdeaspe.es\/index.php?rest_route=\/wp\/v2\/posts\/2203","targetHints":{"allow":["GET"]}}],"collection":[{"href":"https:\/\/web.morosycristianosdeaspe.es\/index.php?rest_route=\/wp\/v2\/posts"}],"about":[{"href":"https:\/\/web.morosycristianosdeaspe.es\/index.php?rest_route=\/wp\/v2\/types\/post"}],"author":[{"embeddable":true,"href":"https:\/\/web.morosycristianosdeaspe.es\/index.php?rest_route=\/wp\/v2\/users\/1"}],"replies":[{"embeddable":true,"href":"https:\/\/web.morosycristianosdeaspe.es\/index.php?rest_route=%2Fwp%2Fv2%2Fcomments&post=2203"}],"version-history":[{"count":1,"href":"https:\/\/web.morosycristianosdeaspe.es\/index.php?rest_route=\/wp\/v2\/posts\/2203\/revisions"}],"predecessor-version":[{"id":2207,"href":"https:\/\/web.morosycristianosdeaspe.es\/index.php?rest_route=\/wp\/v2\/posts\/2203\/revisions\/2207"}],"wp:attachment":[{"href":"https:\/\/web.morosycristianosdeaspe.es\/index.php?rest_route=%2Fwp%2Fv2%2Fmedia&parent=2203"}],"wp:term":[{"taxonomy":"category","embeddable":true,"href":"https:\/\/web.morosycristianosdeaspe.es\/index.php?rest_route=%2Fwp%2Fv2%2Fcategories&post=2203"},{"taxonomy":"post_tag","embeddable":true,"href":"https:\/\/web.morosycristianosdeaspe.es\/index.php?rest_route=%2Fwp%2Fv2%2Ftags&post=2203"}],"curies":[{"name":"wp","href":"https:\/\/api.w.org\/{rel}","templated":true}]}}