{"id":2211,"date":"2023-03-29T22:26:17","date_gmt":"2023-03-29T21:26:17","guid":{"rendered":"http:\/\/web.morosycristianosdeaspe.es\/?p=2211"},"modified":"2023-03-29T22:35:39","modified_gmt":"2023-03-29T21:35:39","slug":"convocatoria-de-concurso-cartel-anunciador-de-fiestas-de-moros-y-cristianos-2023","status":"publish","type":"post","link":"https:\/\/web.morosycristianosdeaspe.es\/?p=2211","title":{"rendered":"Convocatoria de Concurso Cartel Anunciador de Fiestas de Moros y Cristianos 2023"},"content":{"rendered":"\n<p><\/p>\n\n\n\n<figure class=\"wp-block-image size-full\"><a href=\"https:\/\/web.morosycristianosdeaspe.es\/wp-content\/uploads\/2023\/03\/Imagen1.png\"><img loading=\"lazy\" decoding=\"async\" width=\"953\" height=\"208\" src=\"https:\/\/web.morosycristianosdeaspe.es\/wp-content\/uploads\/2023\/03\/Imagen1.png\" alt=\"\" class=\"wp-image-2218\" srcset=\"https:\/\/web.morosycristianosdeaspe.es\/wp-content\/uploads\/2023\/03\/Imagen1.png 953w, https:\/\/web.morosycristianosdeaspe.es\/wp-content\/uploads\/2023\/03\/Imagen1-300x65.png 300w, https:\/\/web.morosycristianosdeaspe.es\/wp-content\/uploads\/2023\/03\/Imagen1-768x168.png 768w, https:\/\/web.morosycristianosdeaspe.es\/wp-content\/uploads\/2023\/03\/Imagen1-690x151.png 690w\" sizes=\"auto, (max-width: 953px) 100vw, 953px\" \/><\/a><\/figure>\n\n\n\n<h1 class=\"wp-block-heading\">PRIMERA.\u00a0&#8211;\u00a0Participantes.<\/h1>\n\n\n\n<p>Podr\u00e1n participar en el concurso cuantos artistas y dise\u00f1adores&nbsp;est\u00e9n&nbsp;interesados&nbsp;en&nbsp;el&nbsp;mismo, individualmente&nbsp;o&nbsp;en&nbsp;equipo.<\/p>\n\n\n\n<h1 class=\"wp-block-heading\">SEGUNDA. &#8211; Tema, caracter\u00edsticas&nbsp;t\u00e9cnicas,&nbsp;rotulaci\u00f3n&nbsp;y&nbsp;lema.<\/h1>\n\n\n\n<h2 class=\"wp-block-heading\">A.-&nbsp;Tema:<\/h2>\n\n\n\n<p>El&nbsp;asunto&nbsp;de&nbsp;las&nbsp;obras&nbsp;deber\u00e1&nbsp;tener&nbsp;en&nbsp;cuenta&nbsp;la&nbsp;Fiestas&nbsp;de&nbsp;Moros&nbsp;y&nbsp;Cristianos&nbsp;de Aspe.<\/p>\n\n\n\n<p>Los trabajos han de ser originales e in\u00e9ditos, no habiendo sido&nbsp;presentados&nbsp;en&nbsp;otras&nbsp;ediciones&nbsp;de&nbsp;este&nbsp;u&nbsp;otros&nbsp;concursos&nbsp;y&nbsp;que&nbsp;no&nbsp;supongan en todo o en parte, copia o plagio de obras publicadas&nbsp;propias o de otros artistas. Los autores ser\u00e1n responsables ante&nbsp;la Junta Central de Moros y Cristianos \u201cVirgen de las Nieves\u201d de&nbsp;Aspe y frente a terceros, del cumplimiento de lo establecido en&nbsp;estas&nbsp;bases.<\/p>\n\n\n\n<h2 class=\"wp-block-heading\">B.-&nbsp;Caracter\u00edsticas&nbsp;t\u00e9cnicas:<\/h2>\n\n\n\n<p>Ser\u00e1n de concepci\u00f3n y t\u00e9cnicas libres, siempre que sea posible su&nbsp;reproducci\u00f3n.<\/p>\n\n\n\n<p>Los&nbsp;carteles&nbsp;se&nbsp;presentar\u00e1n&nbsp;montados&nbsp;sobre&nbsp;cart\u00f3n&nbsp;pluma&nbsp;de&nbsp;1&nbsp;cm.&nbsp;de&nbsp;espesor,&nbsp;como&nbsp;m\u00ednimo,<\/p>\n\n\n\n<p>sin&nbsp;cristal&nbsp;protector&nbsp;ni&nbsp;marco.&nbsp;Su&nbsp;formato&nbsp;ser\u00e1&nbsp;vertical&nbsp;y tama\u00f1o&nbsp;50&nbsp;cm. x&nbsp;70&nbsp;cm.<\/p>\n\n\n\n<p>Los autores que opten por realizar sus obras mediante sistemas&nbsp;inform\u00e1ticos, deber\u00e1n aportar una reproducci\u00f3n a color con las&nbsp;medidas&nbsp;y&nbsp;dem\u00e1s&nbsp;caracter\u00edsticas&nbsp;anteriormente indicadas,&nbsp;as\u00ed&nbsp;como el correspondiente soporte digital con todos los ficheros&nbsp;necesarios&nbsp;para&nbsp;la&nbsp;obtenci\u00f3n&nbsp;de&nbsp;fotolitos,&nbsp;(el&nbsp;soporte&nbsp;digital&nbsp;deber\u00e1 venir con leyenda y sin leyenda) una ficha t\u00e9cnica de los&nbsp;procedimientos empleados, incluyendo las fuentes utilizadas y los&nbsp;originales&nbsp;de&nbsp;las&nbsp;im\u00e1genes&nbsp;en&nbsp;formato <em>tiff<\/em><em>&nbsp;<\/em>o&nbsp;<em>jpg<\/em><em>&nbsp;<\/em>con&nbsp;una&nbsp;resoluci\u00f3n&nbsp;\u00f3ptima&nbsp;para&nbsp;su reproducci\u00f3n&nbsp;impresa,&nbsp;si&nbsp;fuera&nbsp;el&nbsp;caso.<\/p>\n\n\n\n<h2 class=\"wp-block-heading\">C.-&nbsp;Rotulaci\u00f3n:<\/h2>\n\n\n\n<p>Los carteles contendr\u00e1n la siguiente leyenda en castellano \u201c<strong>Moros<\/strong><strong>&nbsp;<\/strong><strong>y Cristianos del 7 al 10 de Agosto de 202<\/strong><strong>3<\/strong><strong>. ASPE\u201d<\/strong>, situada&nbsp;preferentemente&nbsp;en&nbsp;la&nbsp;parte inferior&nbsp;de&nbsp;la&nbsp;obra.<\/p>\n\n\n\n<h2 class=\"wp-block-heading\">D.-&nbsp;Lema:<\/h2>\n\n\n\n<p>En la parte trasera de los trabajos figurar\u00e1 un lema que servir\u00e1&nbsp;para&nbsp;preservar&nbsp;la&nbsp;identidad&nbsp;del&nbsp;autor&nbsp;hasta&nbsp;el&nbsp;fallo&nbsp;del&nbsp;Jurado.<\/p>\n\n\n\n<h1 class=\"wp-block-heading\">TERCERA.&nbsp;&#8211;&nbsp;Premios.<\/h1>\n\n\n\n<p>Se establecen los siguientes premios concedidos por la Concejal\u00eda&nbsp;de&nbsp;Cultura&nbsp;del&nbsp;Excmo.&nbsp;Ayuntamiento&nbsp;de Aspe:<\/p>\n\n\n\n<p>1.-&nbsp;Al&nbsp;cartel&nbsp;ganador&nbsp;1000&nbsp;\u20ac.<\/p>\n\n\n\n<p>2.-&nbsp;Acc\u00e9sit de&nbsp;500&nbsp;\u20ac&nbsp;al&nbsp;que&nbsp;quede&nbsp;en&nbsp;segundo&nbsp;lugar.<\/p>\n\n\n\n<h1 class=\"wp-block-heading\">CUARTA.&nbsp;&#8211; Presentaci\u00f3n.<\/h1>\n\n\n\n<p><strong>Los trabajos se enviar\u00e1n debidamente embalados, dirigidos a la&nbsp;Uni\u00f3n&nbsp;de&nbsp;Moros&nbsp;y&nbsp;Cristianos&nbsp;Virgen&nbsp;de&nbsp;las&nbsp;Nieves,&nbsp;al&nbsp;Apartado&nbsp;de&nbsp;Correos&nbsp;123,&nbsp;03680&nbsp;Aspe&nbsp;(Alicante)<\/strong><\/p>\n\n\n\n<p><strong>o&nbsp;a&nbsp;la&nbsp;Oficina de Turismo de Aspe. Calle Francisco Candela, 19.&nbsp;03680&nbsp;Aspe&nbsp;(Alicante).&nbsp;La recepci\u00f3n de los env\u00edos comenzar\u00e1 el 27&nbsp;de marzo y&nbsp;finalizar\u00e1 el 16&nbsp;de mayo de 2023. La recepci\u00f3n en la Oficina de Turismo de Aspe, tambi\u00e9n ser\u00e1 de forma presencial. <\/strong>La&nbsp;organizaci\u00f3n no aceptar\u00e1 su recogida hasta desembalar el env\u00edo y&nbsp;comprobar&nbsp;que no&nbsp;presenta&nbsp;ning\u00fan da\u00f1o.<\/p>\n\n\n\n<p>En un sobre cerrado se incluir\u00e1 el nombre y apellidos del autor\/a&nbsp;o autores\/as de los trabajos, domicilio\/s, direcci\u00f3n\/es de e-mail&nbsp;y tel\u00e9fono\/s y una declaraci\u00f3n firmada indicando que el trabajo&nbsp;es original&nbsp;e in\u00e9dito.<\/p>\n\n\n\n<p>En&nbsp;el&nbsp;exterior&nbsp;del&nbsp;sobre&nbsp;indicado,&nbsp;aparecer\u00e1,&nbsp;en&nbsp;letras<\/p>\n\n\n\n<p>may\u00fasculas, el mismo lema que figure en la obra presentada, sin&nbsp;constar alusi\u00f3n alguna que permita identificar al concursante,&nbsp;siendo causa de exclusi\u00f3n del concurso el incumplimiento de esta&nbsp;norma.<\/p>\n\n\n\n<h1 class=\"wp-block-heading\">QUINTA.&nbsp;&#8211; Jurado.<\/h1>\n\n\n\n<p>1.-&nbsp;Composici\u00f3n:<\/p>\n\n\n\n<p><strong>Presidenta: <\/strong>La Concejala Delegada de Cultura del Excmo.&nbsp;Ayuntamiento de Aspe, Sra. Do\u00f1a Rosa Mar\u00eda Ruiz Mart\u00ednez.&nbsp;<strong>Vocales<\/strong>: Cinco vocales a propuesta de la Junta Central de Moros&nbsp;&nbsp;&nbsp;<\/p>\n\n\n\n<p>y&nbsp;Cristianos&nbsp;\u201cVirgen&nbsp;de las Nieves\u201d&nbsp;de&nbsp;Aspe.<\/p>\n\n\n\n<p><strong>Secretaria<\/strong>: Actuar\u00e1 como Secretaria del jurado la Secretaria de&nbsp;la Junta Central de Moros y Cristianos \u201cVirgen de las Nieves\u201d de&nbsp;Aspe.<\/p>\n\n\n\n<p>2.- El Jurado se constituir\u00e1 y reunir\u00e1 al objeto de emitir su fallo.&nbsp;En&nbsp;primer&nbsp;lugar,&nbsp;comprobar\u00e1&nbsp;una&nbsp;a&nbsp;una&nbsp;todas&nbsp;las&nbsp;obras&nbsp;presentadas&nbsp;para&nbsp;verificar&nbsp;el&nbsp;efectivo<\/p>\n\n\n\n<p>cumplimiento\u00a0de\u00a0las\u00a0condiciones\u00a0establecidas\u00a0en\u00a0las\u00a0presentes\u00a0bases\u00a0y,\u00a0en\u00a0consecuencia,<\/p>\n\n\n\n<p>pronunciarse\u00a0sobre\u00a0su\u00a0admisi\u00f3n definitiva.<\/p>\n\n\n\n<p>3.-&nbsp;El&nbsp;Jurado,&nbsp;para&nbsp;formular&nbsp;su&nbsp;propuesta&nbsp;de&nbsp;concesi\u00f3n&nbsp;de&nbsp;premios,&nbsp;valorar\u00e1,<\/p>\n\n\n\n<p>adem\u00e1s\u00a0de\u00a0la\u00a0concepci\u00f3n,\u00a0su\u00a0calidad\u00a0gr\u00e1fica\u00a0o\u00a0pl\u00e1stica,\u00a0su\u00a0eficacia\u00a0anunciadora\u00a0o\u00a0informativa<\/p>\n\n\n\n<p>y\u00a0sus\u00a0condiciones\u00a0de\u00a0reproducci\u00f3n.<\/p>\n\n\n\n\n\n\n\n<p>4.- El Jurado podr\u00e1 declarar desierto uno o m\u00e1s premios en el caso de considerar que ninguno de los trabajos presentados&nbsp;re\u00fanan&nbsp;los&nbsp;m\u00e9ritos&nbsp;suficientes&nbsp;para&nbsp;ser&nbsp;premiados.<\/p>\n\n\n\n<h1 class=\"wp-block-heading\">SEXTA.&nbsp;&#8211;&nbsp;Trabajos&nbsp;premiados.<\/h1>\n\n\n\n<p>1.- Los trabajos premiados quedar\u00e1n en propiedad exclusiva de La Junta Central de Moros y Cristianos \u201cVirgen de las Nieves\u201d&nbsp;de&nbsp;Aspe&nbsp;y&nbsp;servir\u00e1n&nbsp;para anunciar&nbsp;y&nbsp;divulgar las&nbsp;Fiestas&nbsp;de Moros&nbsp;y&nbsp;Cristianos&nbsp;de&nbsp;Aspe&nbsp;en&nbsp;2023.<\/p>\n\n\n\n<p>2.- El Primer Premio ser\u00e1 utilizado como cartel anunciador de la Fiesta de Moros y Cristianos de Aspe 2022 y portada del&nbsp;programa&nbsp;de fiestas&nbsp;2023.&nbsp;El&nbsp;Acc\u00e9sit&nbsp;ser\u00e1&nbsp;portada&nbsp;del&nbsp;cartel&nbsp;anunciador&nbsp;de&nbsp;la&nbsp;Media&nbsp;Fiesta&nbsp;de&nbsp;2024.<\/p>\n\n\n\n<h1 class=\"wp-block-heading\">SEPTIMA.&nbsp;&#8211;&nbsp;Trabajos&nbsp;no&nbsp;premiados.<\/h1>\n\n\n\n<p>Los&nbsp;trabajos&nbsp;no&nbsp;premiados&nbsp;podr\u00e1n&nbsp;ser&nbsp;recogidos&nbsp;por&nbsp;sus&nbsp;autores&nbsp;una&nbsp;vez&nbsp;resuelto&nbsp;el&nbsp;concurso<\/p>\n\n\n\n<p>y&nbsp;realizada&nbsp;la&nbsp;exposici\u00f3n&nbsp;p\u00fablica&nbsp;de&nbsp;los&nbsp;mismos,&nbsp;del&nbsp;5&nbsp;al&nbsp;9&nbsp;de&nbsp;junio&nbsp;de&nbsp;2023,&nbsp;ambos&nbsp;inclusive&nbsp;<\/p>\n\n\n\n<p>de&nbsp;9&nbsp;a&nbsp;14&nbsp;horas&nbsp;en&nbsp;la&nbsp;Oficina de Turismo&nbsp;del&nbsp;Ayuntamiento&nbsp;de&nbsp;Aspe,&nbsp;Calle Francisco Candela,&nbsp;19,&nbsp;de&nbsp;Aspe.&nbsp;Caso&nbsp;de&nbsp;que&nbsp;el&nbsp;autor\/a&nbsp;quiera&nbsp;que&nbsp;se&nbsp;le&nbsp;remita&nbsp;a&nbsp;portes&nbsp;debidos&nbsp;por&nbsp;transportista,<\/p>\n\n\n\n<p>deber\u00e1&nbsp;hacerlo&nbsp;constar&nbsp;llamando&nbsp;en&nbsp;los&nbsp;citados&nbsp;d\u00edas&nbsp;y&nbsp;horario&nbsp;al&nbsp;664 76 51 08 o al 615 431 883.&nbsp;Una&nbsp;vez&nbsp;pasado&nbsp;este&nbsp;plazo,&nbsp;la&nbsp;organizaci\u00f3n&nbsp;destruir\u00e1&nbsp;los&nbsp;trabajos&nbsp;presentados,&nbsp;as\u00ed&nbsp;como&nbsp;los&nbsp;datos&nbsp;de todos&nbsp;los&nbsp;participantes.<\/p>\n\n\n\n<h1 class=\"wp-block-heading\">OCTAVA.&nbsp;&#8211;&nbsp;Normas&nbsp;finales.<\/h1>\n\n\n\n<p>Contra estas bases, su convocatoria y cuantos actos administrativos se deriven de la misma y de la actuaci\u00f3n del tribunal,&nbsp;podr\u00e1n los interesados\/as impugnarlos en los casos y en la forma establecidos en la Ley 39\/2015 de 1 de octubre del&nbsp;Procedimiento&nbsp;Administrativo&nbsp;Com\u00fan.<\/p>\n\n\n\n<p><em>En\u00a0Aspe,\u00a0a\u00a024 de marzo de\u00a02023.<\/em><\/p>\n\n\n\n<figure class=\"wp-block-image size-full\"><a href=\"https:\/\/web.morosycristianosdeaspe.es\/wp-content\/uploads\/2023\/03\/Imagen2-1.png\"><img loading=\"lazy\" decoding=\"async\" width=\"897\" height=\"113\" src=\"https:\/\/web.morosycristianosdeaspe.es\/wp-content\/uploads\/2023\/03\/Imagen2-1.png\" alt=\"\" class=\"wp-image-2222\" srcset=\"https:\/\/web.morosycristianosdeaspe.es\/wp-content\/uploads\/2023\/03\/Imagen2-1.png 897w, https:\/\/web.morosycristianosdeaspe.es\/wp-content\/uploads\/2023\/03\/Imagen2-1-300x38.png 300w, https:\/\/web.morosycristianosdeaspe.es\/wp-content\/uploads\/2023\/03\/Imagen2-1-768x97.png 768w, https:\/\/web.morosycristianosdeaspe.es\/wp-content\/uploads\/2023\/03\/Imagen2-1-690x87.png 690w\" sizes=\"auto, (max-width: 897px) 100vw, 897px\" \/><\/a><\/figure>\n\n\n\n<figure class=\"wp-block-image size-full\"><a href=\"https:\/\/web.morosycristianosdeaspe.es\/wp-content\/uploads\/2023\/03\/Imagen3.png\"><img loading=\"lazy\" decoding=\"async\" width=\"203\" height=\"84\" src=\"https:\/\/web.morosycristianosdeaspe.es\/wp-content\/uploads\/2023\/03\/Imagen3.png\" alt=\"\" class=\"wp-image-2223\"\/><\/a><\/figure>\n","protected":false},"excerpt":{"rendered":"<p>PRIMERA.\u00a0&#8211;\u00a0Participantes. Podr\u00e1n participar en el concurso cuantos artistas y dise\u00f1adores&nbsp;est\u00e9n&nbsp;interesados&nbsp;en&nbsp;el&nbsp;mismo, individualmente&nbsp;o&nbsp;en&nbsp;equipo. SEGUNDA. &#8211; Tema, caracter\u00edsticas&nbsp;t\u00e9cnicas,&nbsp;rotulaci\u00f3n&nbsp;y&nbsp;lema. A.-&nbsp;Tema: El&nbsp;asunto&nbsp;de&nbsp;las&nbsp;obras&nbsp;deber\u00e1&nbsp;tener&nbsp;en&nbsp;cuenta&nbsp;la&nbsp;Fiestas&nbsp;de&nbsp;Moros&nbsp;y&nbsp;Cristianos&nbsp;de Aspe. Los trabajos han de ser originales e in\u00e9ditos, no habiendo sido&nbsp;presentados&nbsp;en&nbsp;otras&nbsp;ediciones&nbsp;de&nbsp;este&nbsp;u&nbsp;otros&nbsp;concursos&nbsp;y&nbsp;que&nbsp;no&nbsp;supongan en todo o en parte, copia o plagio de obras publicadas&nbsp;propias o de otros artistas. Los autores ser\u00e1n responsables ante&nbsp;la Junta Central de Moros y Cristianos [&hellip;]<\/p>\n","protected":false},"author":1,"featured_media":0,"comment_status":"closed","ping_status":"closed","sticky":false,"template":"","format":"standard","meta":{"footnotes":""},"categories":[1],"tags":[],"class_list":["post-2211","post","type-post","status-publish","format-standard","hentry","category-nocat"],"_links":{"self":[{"href":"https:\/\/web.morosycristianosdeaspe.es\/index.php?rest_route=\/wp\/v2\/posts\/2211","targetHints":{"allow":["GET"]}}],"collection":[{"href":"https:\/\/web.morosycristianosdeaspe.es\/index.php?rest_route=\/wp\/v2\/posts"}],"about":[{"href":"https:\/\/web.morosycristianosdeaspe.es\/index.php?rest_route=\/wp\/v2\/types\/post"}],"author":[{"embeddable":true,"href":"https:\/\/web.morosycristianosdeaspe.es\/index.php?rest_route=\/wp\/v2\/users\/1"}],"replies":[{"embeddable":true,"href":"https:\/\/web.morosycristianosdeaspe.es\/index.php?rest_route=%2Fwp%2Fv2%2Fcomments&post=2211"}],"version-history":[{"count":6,"href":"https:\/\/web.morosycristianosdeaspe.es\/index.php?rest_route=\/wp\/v2\/posts\/2211\/revisions"}],"predecessor-version":[{"id":2224,"href":"https:\/\/web.morosycristianosdeaspe.es\/index.php?rest_route=\/wp\/v2\/posts\/2211\/revisions\/2224"}],"wp:attachment":[{"href":"https:\/\/web.morosycristianosdeaspe.es\/index.php?rest_route=%2Fwp%2Fv2%2Fmedia&parent=2211"}],"wp:term":[{"taxonomy":"category","embeddable":true,"href":"https:\/\/web.morosycristianosdeaspe.es\/index.php?rest_route=%2Fwp%2Fv2%2Fcategories&post=2211"},{"taxonomy":"post_tag","embeddable":true,"href":"https:\/\/web.morosycristianosdeaspe.es\/index.php?rest_route=%2Fwp%2Fv2%2Ftags&post=2211"}],"curies":[{"name":"wp","href":"https:\/\/api.w.org\/{rel}","templated":true}]}}