{"id":2226,"date":"2023-04-12T21:03:41","date_gmt":"2023-04-12T20:03:41","guid":{"rendered":"http:\/\/web.morosycristianosdeaspe.es\/?p=2226"},"modified":"2023-04-12T21:03:41","modified_gmt":"2023-04-12T20:03:41","slug":"comida-de-convivencia-2023","status":"publish","type":"post","link":"https:\/\/web.morosycristianosdeaspe.es\/?p=2226","title":{"rendered":"Comida de Convivencia 2023"},"content":{"rendered":"\n<p>La carpa municipal auxiliada por otra anexa acoger\u00e1 el pr\u00f3ximo s\u00e1bado 15 de abril a 650 festeros, que participar\u00e1n en la Comida de Convivencia 2023 organizada por la Uni\u00f3n de Moros y Cristianos Virgen de las Nieves con la colaboraci\u00f3n del Ayuntamiento de Aspe y del Patronato de Turismo Costa Blanca. <\/p>\n\n\n\n<p>Como viene siendo tradicional el arroz con conejo, t\u00edpico de nuestra zona, ser\u00e1 el plato principal del almuerzo. A partir de las 13:00 con atracciones infantiles y posteriormente con tardeo y sesi\u00f3n de DJ completar\u00e1n la jornada en la que se abrir\u00e1n las puertas a la participaci\u00f3n de todos aquellos que quieran divertirse en uni\u00f3n de los festeros aspenses.<\/p>\n\n\n\n<p>La Junta Central ha pedido a los festeros que acudan lleven consigo leche, que ser\u00e1 depositada en la recepci\u00f3n del Pabell\u00f3n Municipal y ser\u00e1 entregada a la Plataforma de Aspe contra el Hambre. <\/p>\n\n\n\n<p>Se habilitar\u00e1 una zona de aparcamiento anexa, puesto que las carpas y la zona donde se cocinar\u00e1n las paellas estar\u00e1 cerrada al tr\u00e1fico.<\/p>\n\n\n<div class=\"wp-block-image\">\n<figure class=\"aligncenter size-large is-resized\"><a href=\"https:\/\/web.morosycristianosdeaspe.es\/wp-content\/uploads\/2023\/04\/COMIDA-DE-CONVIVENCIA.png\"><img loading=\"lazy\" decoding=\"async\" src=\"https:\/\/web.morosycristianosdeaspe.es\/wp-content\/uploads\/2023\/04\/COMIDA-DE-CONVIVENCIA-724x1024.png\" alt=\"\" class=\"wp-image-2227\" width=\"265\" height=\"375\" srcset=\"https:\/\/web.morosycristianosdeaspe.es\/wp-content\/uploads\/2023\/04\/COMIDA-DE-CONVIVENCIA-724x1024.png 724w, https:\/\/web.morosycristianosdeaspe.es\/wp-content\/uploads\/2023\/04\/COMIDA-DE-CONVIVENCIA-212x300.png 212w, https:\/\/web.morosycristianosdeaspe.es\/wp-content\/uploads\/2023\/04\/COMIDA-DE-CONVIVENCIA-768x1086.png 768w, https:\/\/web.morosycristianosdeaspe.es\/wp-content\/uploads\/2023\/04\/COMIDA-DE-CONVIVENCIA-1086x1536.png 1086w, https:\/\/web.morosycristianosdeaspe.es\/wp-content\/uploads\/2023\/04\/COMIDA-DE-CONVIVENCIA-690x976.png 690w, https:\/\/web.morosycristianosdeaspe.es\/wp-content\/uploads\/2023\/04\/COMIDA-DE-CONVIVENCIA-980x1386.png 980w, https:\/\/web.morosycristianosdeaspe.es\/wp-content\/uploads\/2023\/04\/COMIDA-DE-CONVIVENCIA.png 1414w\" sizes=\"auto, (max-width: 265px) 100vw, 265px\" \/><\/a><\/figure>\n<\/div>","protected":false},"excerpt":{"rendered":"<p>La carpa municipal auxiliada por otra anexa acoger\u00e1 el pr\u00f3ximo s\u00e1bado 15 de abril a 650 festeros, que participar\u00e1n en la Comida de Convivencia 2023 organizada por la Uni\u00f3n de Moros y Cristianos Virgen de las Nieves con la colaboraci\u00f3n del Ayuntamiento de Aspe y del Patronato de Turismo Costa Blanca. Como viene siendo tradicional [&hellip;]<\/p>\n","protected":false},"author":1,"featured_media":0,"comment_status":"closed","ping_status":"closed","sticky":false,"template":"","format":"standard","meta":{"footnotes":""},"categories":[1],"tags":[],"class_list":["post-2226","post","type-post","status-publish","format-standard","hentry","category-nocat"],"_links":{"self":[{"href":"https:\/\/web.morosycristianosdeaspe.es\/index.php?rest_route=\/wp\/v2\/posts\/2226","targetHints":{"allow":["GET"]}}],"collection":[{"href":"https:\/\/web.morosycristianosdeaspe.es\/index.php?rest_route=\/wp\/v2\/posts"}],"about":[{"href":"https:\/\/web.morosycristianosdeaspe.es\/index.php?rest_route=\/wp\/v2\/types\/post"}],"author":[{"embeddable":true,"href":"https:\/\/web.morosycristianosdeaspe.es\/index.php?rest_route=\/wp\/v2\/users\/1"}],"replies":[{"embeddable":true,"href":"https:\/\/web.morosycristianosdeaspe.es\/index.php?rest_route=%2Fwp%2Fv2%2Fcomments&post=2226"}],"version-history":[{"count":1,"href":"https:\/\/web.morosycristianosdeaspe.es\/index.php?rest_route=\/wp\/v2\/posts\/2226\/revisions"}],"predecessor-version":[{"id":2228,"href":"https:\/\/web.morosycristianosdeaspe.es\/index.php?rest_route=\/wp\/v2\/posts\/2226\/revisions\/2228"}],"wp:attachment":[{"href":"https:\/\/web.morosycristianosdeaspe.es\/index.php?rest_route=%2Fwp%2Fv2%2Fmedia&parent=2226"}],"wp:term":[{"taxonomy":"category","embeddable":true,"href":"https:\/\/web.morosycristianosdeaspe.es\/index.php?rest_route=%2Fwp%2Fv2%2Fcategories&post=2226"},{"taxonomy":"post_tag","embeddable":true,"href":"https:\/\/web.morosycristianosdeaspe.es\/index.php?rest_route=%2Fwp%2Fv2%2Ftags&post=2226"}],"curies":[{"name":"wp","href":"https:\/\/api.w.org\/{rel}","templated":true}]}}