{"id":23,"date":"2013-02-20T15:37:18","date_gmt":"2013-02-20T13:37:18","guid":{"rendered":"http:\/\/noticias.morosycristianosdeaspe.es\/?p=23"},"modified":"2014-02-03T13:31:55","modified_gmt":"2014-02-03T12:31:55","slug":"23feb2013-media-fiesta","status":"publish","type":"post","link":"https:\/\/web.morosycristianosdeaspe.es\/?p=23","title":{"rendered":"23\/Feb\/2013: MEDIA FIESTA"},"content":{"rendered":"<p><img loading=\"lazy\" decoding=\"async\" class=\"aligncenter size-full wp-image-103\" alt=\"Media Fiesta 2013\" src=\"https:\/\/web.morosycristianosdeaspe.es\/wp-content\/uploads\/2013\/02\/DSC04734.jpg\" width=\"600\" height=\"402\" srcset=\"https:\/\/web.morosycristianosdeaspe.es\/wp-content\/uploads\/2013\/02\/DSC04734.jpg 600w, https:\/\/web.morosycristianosdeaspe.es\/wp-content\/uploads\/2013\/02\/DSC04734-300x201.jpg 300w\" sizes=\"auto, (max-width: 600px) 100vw, 600px\" \/><\/p>\n<p>Este s\u00e1bado celebramos el Medio A\u00f1o Festero, m\u00e1s conocido en nuestra poblaci\u00f3n como \u00abLa Media Fiesta\u00bb.<\/p>\n<p>Adem\u00e1s de las distintas actividades que las ocho comparsas han preparado para este d\u00eda, el plato fuerte se servir\u00e1 a partir de las 17:45 horas, si la climatolog\u00eda lo permite, con la tradicional Entrada de Bandas, que dar\u00e1 comienzo de la rotonda de la Cruz de Orihuela y finalizar\u00e1 en la Plaza Mayor.<\/p>\n<p>\u2022 Itinerario: Fuente calle Castelar, Castelar, San Pedro, San Jos\u00e9, Avda. Constituci\u00f3n, Pedro Galipienso, Parque Dr. Calatayud, Sacramento y Plaza Mayor.<\/p>\n<p>\u2022 Orden de Comparsas:<\/p>\n<p>Bando Moro: MOROS ALJAU, MOROS FAUQU\u00cdES, <a title=\"Comparsa Moros Sulaym\u00e1n de Aspe\" href=\"http:\/\/sulayman-aspe.blogspot.com.es\/\" target=\"_blank\">MOROS SULAYM\u00c1N<\/a>, <a href=\"http:\/\/www.morosalcana.webnode.es\">MOROS ALCAN\u00c1<\/a><br \/>\nBando Cristiano: LANCEROS DE UCHEL, CABALLEROS C. DE LA SIERRA NEGRA, ESTUDIANTES, DUQUE DE MAQUEDA<\/p>\n<p>Posteriormente, a las 20:45 horas dar\u00e1 comienzo la Retreta, con salida en la replaceta de la calle Col\u00f3n. Este a\u00f1o, como novedad, la retretra finalizar\u00e1 en la Plaza Mayor.<\/p>\n<p>\u2022 Itinerario: Calle Colon, Sol, Santa Faz, Parque Dr. Calatayud, Sacramento y Plaza Mayor.<\/p>\n<p>\u2022 Orden de Comparsas: Mismo orden que en la entrada de bandas.<\/p>\n<p>Es deseo de la Junta Directiva de la Uni\u00f3n de Moros y Cristianos que todos los actos transcurran con la mayor normalidad posible, disfrutando de la Fiesta.<\/p>\n<p>&nbsp;<\/p>\n","protected":false},"excerpt":{"rendered":"<p>Este s\u00e1bado celebramos el Medio A\u00f1o Festero, m\u00e1s conocido en nuestra poblaci\u00f3n como \u00abLa Media Fiesta\u00bb. Adem\u00e1s de las distintas actividades que las ocho comparsas han preparado para este d\u00eda, el plato fuerte se servir\u00e1 a partir de las 17:45 horas, si la climatolog\u00eda lo permite, con la tradicional Entrada de Bandas, que dar\u00e1 comienzo [&hellip;]<\/p>\n","protected":false},"author":1,"featured_media":0,"comment_status":"closed","ping_status":"closed","sticky":false,"template":"","format":"standard","meta":{"footnotes":""},"categories":[1],"tags":[],"class_list":["post-23","post","type-post","status-publish","format-standard","hentry","category-nocat"],"_links":{"self":[{"href":"https:\/\/web.morosycristianosdeaspe.es\/index.php?rest_route=\/wp\/v2\/posts\/23","targetHints":{"allow":["GET"]}}],"collection":[{"href":"https:\/\/web.morosycristianosdeaspe.es\/index.php?rest_route=\/wp\/v2\/posts"}],"about":[{"href":"https:\/\/web.morosycristianosdeaspe.es\/index.php?rest_route=\/wp\/v2\/types\/post"}],"author":[{"embeddable":true,"href":"https:\/\/web.morosycristianosdeaspe.es\/index.php?rest_route=\/wp\/v2\/users\/1"}],"replies":[{"embeddable":true,"href":"https:\/\/web.morosycristianosdeaspe.es\/index.php?rest_route=%2Fwp%2Fv2%2Fcomments&post=23"}],"version-history":[{"count":4,"href":"https:\/\/web.morosycristianosdeaspe.es\/index.php?rest_route=\/wp\/v2\/posts\/23\/revisions"}],"predecessor-version":[{"id":666,"href":"https:\/\/web.morosycristianosdeaspe.es\/index.php?rest_route=\/wp\/v2\/posts\/23\/revisions\/666"}],"wp:attachment":[{"href":"https:\/\/web.morosycristianosdeaspe.es\/index.php?rest_route=%2Fwp%2Fv2%2Fmedia&parent=23"}],"wp:term":[{"taxonomy":"category","embeddable":true,"href":"https:\/\/web.morosycristianosdeaspe.es\/index.php?rest_route=%2Fwp%2Fv2%2Fcategories&post=23"},{"taxonomy":"post_tag","embeddable":true,"href":"https:\/\/web.morosycristianosdeaspe.es\/index.php?rest_route=%2Fwp%2Fv2%2Ftags&post=23"}],"curies":[{"name":"wp","href":"https:\/\/api.w.org\/{rel}","templated":true}]}}