{"id":231,"date":"2013-05-26T11:49:12","date_gmt":"2013-05-26T09:49:12","guid":{"rendered":"http:\/\/web.morosycristianosdeaspe.es\/?p=231"},"modified":"2013-06-16T17:33:29","modified_gmt":"2013-06-16T15:33:29","slug":"proclamados-los-cargos-festeros-2013","status":"publish","type":"post","link":"https:\/\/web.morosycristianosdeaspe.es\/?p=231","title":{"rendered":"Proclamados los cargos festeros 2013"},"content":{"rendered":"<p>El pasado 25 de Mayo se proclamaron los cargos festeros 2013 en el acto que se celebr\u00f3 en el Teatro Wagner.<\/p>\n<p>En el apartado \u00abCargos Festeros 2013\u00bb, los pod\u00e9is conocer.<\/p>\n<p style=\"text-align: center;\">[slideshow id=2]<\/p>\n<p>Las fechas en que se presentar\u00e1n a la ditintas comparsas son las siguientes:<\/p>\n<table border=\"1\" cellspacing=\"0\" cellpadding=\"0\">\n<tbody>\n<tr>\n<td width=\"47\">\n<p align=\"center\"><b>MES<\/b><\/p>\n<\/td>\n<td width=\"30\">\n<p align=\"center\"><b>D\u00cdA<\/b><\/p>\n<\/td>\n<td valign=\"top\" width=\"246\">\n<p align=\"center\"><b>COMPARSA<\/b><\/p>\n<\/td>\n<td valign=\"top\" width=\"217\">\n<p align=\"center\"><b>LUGAR<\/b><\/p>\n<\/td>\n<\/tr>\n<tr>\n<td rowspan=\"4\" width=\"47\"><b>JUNIO<\/b><\/td>\n<td width=\"30\">8<\/td>\n<td valign=\"top\" width=\"246\">MOROS ALJAU<\/td>\n<td valign=\"top\" width=\"217\">K\u00e1bila Comparsa Moros Aljau<\/td>\n<\/tr>\n<tr>\n<td width=\"30\">15<\/td>\n<td valign=\"top\" width=\"246\">LANCEROS DE UCHEL<\/td>\n<td valign=\"top\" width=\"217\">Cuartelillo Comparsa Duque de Maqueda<\/td>\n<\/tr>\n<tr>\n<td width=\"30\">22<\/td>\n<td valign=\"top\" width=\"246\">DUQUE DE MAQUEDA<\/td>\n<td valign=\"top\" width=\"217\">Cuartelillo Comparsa Duque de Maqueda<\/td>\n<\/tr>\n<tr>\n<td width=\"30\">\n<p align=\"center\">29<\/p>\n<\/td>\n<td valign=\"top\" width=\"246\">ESTUDIANTES<\/td>\n<td valign=\"top\" width=\"217\">Cuartelillo Comparsa Estudiantes<\/td>\n<\/tr>\n<tr>\n<td rowspan=\"4\" width=\"47\">\n<p align=\"center\"><b>JULIO<\/b><\/p>\n<\/td>\n<td width=\"30\">\n<p align=\"center\">6<\/p>\n<\/td>\n<td valign=\"top\" width=\"246\">MOROS FAUQU\u00cdES<\/td>\n<td valign=\"top\" width=\"217\">K\u00e1bila Comparsa Moros Fauqu\u00edes<\/td>\n<\/tr>\n<tr>\n<td width=\"30\">\n<p align=\"center\">13<\/p>\n<\/td>\n<td valign=\"top\" width=\"246\"><a href=\"http:\/\/contrabandistasaspe.blogspot.com.es\" target=\"_blank\">C. CONTRABANDISTAS DE LA SIERRA NEGRA<\/a><\/td>\n<td valign=\"top\" width=\"217\">Cuartelillo Comparsa Estudiantes<\/td>\n<\/tr>\n<tr>\n<td width=\"30\">\n<p align=\"center\">20<\/p>\n<\/td>\n<td valign=\"top\" width=\"246\"><a title=\"Comparsa Moros Alcan\u00e1\" href=\"http:\/\/comparsademorosalcana.blogspot.com.es\/\" target=\"_blank\">MOROS ALCAN\u00c1<\/a> y <a title=\"Comparsa Moros Sulaym\u00e1n de Aspe\" href=\"http:\/\/sulayman-aspe.blogspot.com.es\/\" target=\"_blank\">MOROS SULAYM\u00c1N<\/a><\/td>\n<td valign=\"top\" width=\"217\">K\u00e1bila Comparsa Moros Fauqu\u00edes<\/td>\n<\/tr>\n<tr>\n<td width=\"30\">\n<p align=\"center\">27<\/p>\n<\/td>\n<td valign=\"top\" width=\"246\">PRESENTACI\u00d3N AL PUEBLO<\/td>\n<td valign=\"top\" width=\"217\">Plaza Mayor<\/td>\n<\/tr>\n<\/tbody>\n<\/table>\n","protected":false},"excerpt":{"rendered":"<p>El pasado 25 de Mayo se proclamaron los cargos festeros 2013 en el acto que se celebr\u00f3 en el Teatro Wagner. En el apartado \u00abCargos Festeros 2013\u00bb, los pod\u00e9is conocer. [slideshow id=2] Las fechas en que se presentar\u00e1n a la ditintas comparsas son las siguientes: MES D\u00cdA COMPARSA LUGAR JUNIO 8 MOROS ALJAU K\u00e1bila Comparsa [&hellip;]<\/p>\n","protected":false},"author":1,"featured_media":0,"comment_status":"closed","ping_status":"closed","sticky":false,"template":"","format":"standard","meta":{"footnotes":""},"categories":[16],"tags":[],"class_list":["post-231","post","type-post","status-publish","format-standard","hentry","category-actos-oficiales"],"_links":{"self":[{"href":"https:\/\/web.morosycristianosdeaspe.es\/index.php?rest_route=\/wp\/v2\/posts\/231","targetHints":{"allow":["GET"]}}],"collection":[{"href":"https:\/\/web.morosycristianosdeaspe.es\/index.php?rest_route=\/wp\/v2\/posts"}],"about":[{"href":"https:\/\/web.morosycristianosdeaspe.es\/index.php?rest_route=\/wp\/v2\/types\/post"}],"author":[{"embeddable":true,"href":"https:\/\/web.morosycristianosdeaspe.es\/index.php?rest_route=\/wp\/v2\/users\/1"}],"replies":[{"embeddable":true,"href":"https:\/\/web.morosycristianosdeaspe.es\/index.php?rest_route=%2Fwp%2Fv2%2Fcomments&post=231"}],"version-history":[{"count":7,"href":"https:\/\/web.morosycristianosdeaspe.es\/index.php?rest_route=\/wp\/v2\/posts\/231\/revisions"}],"predecessor-version":[{"id":233,"href":"https:\/\/web.morosycristianosdeaspe.es\/index.php?rest_route=\/wp\/v2\/posts\/231\/revisions\/233"}],"wp:attachment":[{"href":"https:\/\/web.morosycristianosdeaspe.es\/index.php?rest_route=%2Fwp%2Fv2%2Fmedia&parent=231"}],"wp:term":[{"taxonomy":"category","embeddable":true,"href":"https:\/\/web.morosycristianosdeaspe.es\/index.php?rest_route=%2Fwp%2Fv2%2Fcategories&post=231"},{"taxonomy":"post_tag","embeddable":true,"href":"https:\/\/web.morosycristianosdeaspe.es\/index.php?rest_route=%2Fwp%2Fv2%2Ftags&post=231"}],"curies":[{"name":"wp","href":"https:\/\/api.w.org\/{rel}","templated":true}]}}