{"id":237,"date":"2013-06-06T09:10:17","date_gmt":"2013-06-06T07:10:17","guid":{"rendered":"http:\/\/web.morosycristianosdeaspe.es\/?p=237"},"modified":"2013-06-06T09:46:23","modified_gmt":"2013-06-06T07:46:23","slug":"moros-fauquies-tapea-rie-baila","status":"publish","type":"post","link":"https:\/\/web.morosycristianosdeaspe.es\/?p=237","title":{"rendered":"Moros Fauqu\u00edes. Tapea, r\u00ede, baila"},"content":{"rendered":"<p><a href=\"https:\/\/web.morosycristianosdeaspe.es\/wp-content\/uploads\/2013\/06\/kalmi.jpg\"><img loading=\"lazy\" decoding=\"async\" class=\"alignleft size-medium wp-image-238\" alt=\"Mon\u00f3logos Fauqu\u00edes\" src=\"https:\/\/web.morosycristianosdeaspe.es\/wp-content\/uploads\/2013\/06\/kalmi-212x300.jpg\" width=\"212\" height=\"300\" srcset=\"https:\/\/web.morosycristianosdeaspe.es\/wp-content\/uploads\/2013\/06\/kalmi-212x300.jpg 212w, https:\/\/web.morosycristianosdeaspe.es\/wp-content\/uploads\/2013\/06\/kalmi-723x1024.jpg 723w, https:\/\/web.morosycristianosdeaspe.es\/wp-content\/uploads\/2013\/06\/kalmi.jpg 1122w\" sizes=\"auto, (max-width: 212px) 100vw, 212px\" \/><\/a>La comparsa Moros Fauqu\u00edes ha organizado para el pr\u00f3ximo viernes 28 de junio una noche que ha llamado \u00abTapea, r\u00ede, baila\u00bb.<\/p>\n<p>Presentando en Rinconcello la entrada de la actuaci\u00f3n de mon\u00f3logos, la \u00abtapa+ca\u00f1a\u00bb te sale por 1,70\u20ac<\/p>\n<p>Despu\u00e9s de la actuaci\u00f3n hay organizada una fiesta en Cham\u00e1n.<\/p>\n<p>La adquisici\u00f3n anticipada de entradas se podr\u00e1 realizar los d\u00edas 6-7-13-14-20-21 y 27 en horario de 19:30 a 21:30 en la taquilla del Teatro Wagner, o dirigi\u00e9ndose a cualquier miembro de la Junta Directiva de la Comparsa.<\/p>\n<p>Tambi\u00e9n se pueden adquirir las entradas el mismo d\u00eda 28 a partir de las 20:00h en la taquilla del Teatro Wagner.<\/p>\n","protected":false},"excerpt":{"rendered":"<p>La comparsa Moros Fauqu\u00edes ha organizado para el pr\u00f3ximo viernes 28 de junio una noche que ha llamado \u00abTapea, r\u00ede, baila\u00bb. Presentando en Rinconcello la entrada de la actuaci\u00f3n de mon\u00f3logos, la \u00abtapa+ca\u00f1a\u00bb te sale por 1,70\u20ac Despu\u00e9s de la actuaci\u00f3n hay organizada una fiesta en Cham\u00e1n. La adquisici\u00f3n anticipada de entradas se podr\u00e1 realizar [&hellip;]<\/p>\n","protected":false},"author":1,"featured_media":0,"comment_status":"closed","ping_status":"closed","sticky":false,"template":"","format":"standard","meta":{"footnotes":""},"categories":[18],"tags":[],"class_list":["post-237","post","type-post","status-publish","format-standard","hentry","category-moros-fauquies"],"_links":{"self":[{"href":"https:\/\/web.morosycristianosdeaspe.es\/index.php?rest_route=\/wp\/v2\/posts\/237","targetHints":{"allow":["GET"]}}],"collection":[{"href":"https:\/\/web.morosycristianosdeaspe.es\/index.php?rest_route=\/wp\/v2\/posts"}],"about":[{"href":"https:\/\/web.morosycristianosdeaspe.es\/index.php?rest_route=\/wp\/v2\/types\/post"}],"author":[{"embeddable":true,"href":"https:\/\/web.morosycristianosdeaspe.es\/index.php?rest_route=\/wp\/v2\/users\/1"}],"replies":[{"embeddable":true,"href":"https:\/\/web.morosycristianosdeaspe.es\/index.php?rest_route=%2Fwp%2Fv2%2Fcomments&post=237"}],"version-history":[{"count":4,"href":"https:\/\/web.morosycristianosdeaspe.es\/index.php?rest_route=\/wp\/v2\/posts\/237\/revisions"}],"predecessor-version":[{"id":261,"href":"https:\/\/web.morosycristianosdeaspe.es\/index.php?rest_route=\/wp\/v2\/posts\/237\/revisions\/261"}],"wp:attachment":[{"href":"https:\/\/web.morosycristianosdeaspe.es\/index.php?rest_route=%2Fwp%2Fv2%2Fmedia&parent=237"}],"wp:term":[{"taxonomy":"category","embeddable":true,"href":"https:\/\/web.morosycristianosdeaspe.es\/index.php?rest_route=%2Fwp%2Fv2%2Fcategories&post=237"},{"taxonomy":"post_tag","embeddable":true,"href":"https:\/\/web.morosycristianosdeaspe.es\/index.php?rest_route=%2Fwp%2Fv2%2Ftags&post=237"}],"curies":[{"name":"wp","href":"https:\/\/api.w.org\/{rel}","templated":true}]}}