{"id":26,"date":"2013-03-01T09:12:31","date_gmt":"2013-03-01T07:12:31","guid":{"rendered":"http:\/\/noticias.morosycristianosdeaspe.es\/?p=26"},"modified":"2013-06-06T09:37:52","modified_gmt":"2013-06-06T07:37:52","slug":"abierto-el-plazo-del-concurso-del-cartel-anunciador-de-las-fiestas-de-moros-y-cristianos-de-aspe-2013","status":"publish","type":"post","link":"https:\/\/web.morosycristianosdeaspe.es\/?p=26","title":{"rendered":"Abierto el plazo del \u00abConcurso del Cartel Anunciador de las Fiestas de Moros y Cristianos de Aspe 2013\u00bb."},"content":{"rendered":"<p>Desde hoy, 1 de marzo de 2013, hasta el pr\u00f3ximo d\u00eda 22 de mayo, se pueden presentar los trabajos para participar en el \u00abConcurso del Cartel Anunciador de las Fiestas de Moros y Cristianos de Aspe 2013\u00bb.<\/p>\n<p>La Uni\u00f3n de Moros y Cristianos Virgen de las Nieves, de Aspe, convoca su concurso para elegir el cartel anunciador de las fiestas 2013.<\/p>\n<p>Los originales se entregan hasta el 22 de mayo de 2013, inclusive, en la Biblioteca Municipal Rub\u00e9n Dar\u00edo, de Aspe.<\/p>\n<p>Se establece un primer premio de 600 EUR y su utilizaci\u00f3n como cartel anunciador y portada programa de fiestas 2013.<\/p>\n<p>As\u00ed mismo, se establece un acc\u00e9sit de 200 EUR y portada del cartel anunciador media fiesta 2014.<\/p>\n<p>Las bases se pueden descargar accediendo al siguiente enlace: <a title=\"Bases Concurso Cartel 2013\" href=\"http:\/\/www.morosycristianosdeaspe.es\/DocGral\/Bases_CONCURSO_CARTEL_ANUNCIADOR_2013.pdf\" target=\"_blank\">Bases Cartel Anunciador 2013.<\/a><\/p>\n<p>Para m\u00e1s informaci\u00f3n, dirigirse por e-mail al <a title=\"\u00c1rea de M\u00fasica, Concursos y LOPD de la UMyCVN de Aspe\" href=\"mailto:musica.concursos@morosycristianosdeaspe.es\">\u00c1rea de M\u00fasica y Concursos de La Uni\u00f3n de MyC V.N. de Aspe<\/a><\/p>\n","protected":false},"excerpt":{"rendered":"<p>Desde hoy, 1 de marzo de 2013, hasta el pr\u00f3ximo d\u00eda 22 de mayo, se pueden presentar los trabajos para participar en el \u00abConcurso del Cartel Anunciador de las Fiestas de Moros y Cristianos de Aspe 2013\u00bb. La Uni\u00f3n de Moros y Cristianos Virgen de las Nieves, de Aspe, convoca su concurso para elegir el [&hellip;]<\/p>\n","protected":false},"author":1,"featured_media":0,"comment_status":"closed","ping_status":"closed","sticky":false,"template":"","format":"standard","meta":{"footnotes":""},"categories":[16,3],"tags":[],"class_list":["post-26","post","type-post","status-publish","format-standard","hentry","category-actos-oficiales","category-noticia-general"],"_links":{"self":[{"href":"https:\/\/web.morosycristianosdeaspe.es\/index.php?rest_route=\/wp\/v2\/posts\/26","targetHints":{"allow":["GET"]}}],"collection":[{"href":"https:\/\/web.morosycristianosdeaspe.es\/index.php?rest_route=\/wp\/v2\/posts"}],"about":[{"href":"https:\/\/web.morosycristianosdeaspe.es\/index.php?rest_route=\/wp\/v2\/types\/post"}],"author":[{"embeddable":true,"href":"https:\/\/web.morosycristianosdeaspe.es\/index.php?rest_route=\/wp\/v2\/users\/1"}],"replies":[{"embeddable":true,"href":"https:\/\/web.morosycristianosdeaspe.es\/index.php?rest_route=%2Fwp%2Fv2%2Fcomments&post=26"}],"version-history":[{"count":2,"href":"https:\/\/web.morosycristianosdeaspe.es\/index.php?rest_route=\/wp\/v2\/posts\/26\/revisions"}],"predecessor-version":[{"id":259,"href":"https:\/\/web.morosycristianosdeaspe.es\/index.php?rest_route=\/wp\/v2\/posts\/26\/revisions\/259"}],"wp:attachment":[{"href":"https:\/\/web.morosycristianosdeaspe.es\/index.php?rest_route=%2Fwp%2Fv2%2Fmedia&parent=26"}],"wp:term":[{"taxonomy":"category","embeddable":true,"href":"https:\/\/web.morosycristianosdeaspe.es\/index.php?rest_route=%2Fwp%2Fv2%2Fcategories&post=26"},{"taxonomy":"post_tag","embeddable":true,"href":"https:\/\/web.morosycristianosdeaspe.es\/index.php?rest_route=%2Fwp%2Fv2%2Ftags&post=26"}],"curies":[{"name":"wp","href":"https:\/\/api.w.org\/{rel}","templated":true}]}}