{"id":263,"date":"2013-06-10T23:34:54","date_gmt":"2013-06-10T21:34:54","guid":{"rendered":"http:\/\/web.morosycristianosdeaspe.es\/?p=263"},"modified":"2013-08-01T01:04:08","modified_gmt":"2013-07-31T23:04:08","slug":"presentacion-de-cargos-festeros-2013-moros-aljau","status":"publish","type":"post","link":"https:\/\/web.morosycristianosdeaspe.es\/?p=263","title":{"rendered":"Presentaci\u00f3n de cargos festeros 2013 Moros Aljau"},"content":{"rendered":"<p>El pasado s\u00e1bado 8 de Junio, la comparsa Moros Aljau present\u00f3 sus cargos festeros para este a\u00f1o 2013.<\/p>\n<figure id=\"attachment_265\" aria-describedby=\"caption-attachment-265\" style=\"width: 300px\" class=\"wp-caption alignleft\"><img loading=\"lazy\" decoding=\"async\" class=\"size-medium wp-image-265 \" alt=\"Cargos 2012 y 2013\" src=\"https:\/\/web.morosycristianosdeaspe.es\/wp-content\/uploads\/2013\/06\/Presentacion-Aljau-0001w-300x199.jpg\" width=\"300\" height=\"199\" srcset=\"https:\/\/web.morosycristianosdeaspe.es\/wp-content\/uploads\/2013\/06\/Presentacion-Aljau-0001w-300x199.jpg 300w, https:\/\/web.morosycristianosdeaspe.es\/wp-content\/uploads\/2013\/06\/Presentacion-Aljau-0001w.jpg 800w\" sizes=\"auto, (max-width: 300px) 100vw, 300px\" \/><figcaption id=\"caption-attachment-265\" class=\"wp-caption-text\">Cargos 2012 y 2013<\/figcaption><\/figure>\n<p>En una noche, en la que Al\u00e1 no tuvo miramientos por lanzar una molesta lluvia ventosa, el acto lo abri\u00f3 un extenso v\u00eddeo que rememor\u00f3 los 35 a\u00f1os de vida de la comparsa. Le sigui\u00f3 un boato de estilo \u00abMil y Una Noches\u00bb con serpiente incluida, para dar paso al acto principal en el que Laureano S\u00e1ez Cabral, por todos conocido como Quir\u00e1n, junto a su hija y nietos: Alicia Mar\u00eda S\u00e1ez Garrido, Hugo Garc\u00eda S\u00e1ez y Marta S\u00e1ez Cascales, soportaron estoicamente las inclemencias del tiempo mientras sus antecesores les impon\u00edan las bandas para su mandato festero.<\/p>\n<p>El nuevo Presidente de la Comparsa, Francisco Domen\u00e9, dirigi\u00f3 unas palabras a los numerosos asistentes, dando paso a M\u00aa Dolores Vald\u00e9s, mantenedora del acto. Esta festera de las poblaciones de Biar y Beneixama, exalt\u00f3 la hospitalidad de las Fiestas de Moros y Cristianos de Aspe, y c\u00f3mo le ha atrapado la devoci\u00f3n a la Virgen de las Nieves.<\/p>\n<figure id=\"attachment_266\" aria-describedby=\"caption-attachment-266\" style=\"width: 800px\" class=\"wp-caption aligncenter\"><img loading=\"lazy\" decoding=\"async\" class=\"size-full wp-image-266\" alt=\"Cargos 2013, presentadoras y mantenedora\" src=\"https:\/\/web.morosycristianosdeaspe.es\/wp-content\/uploads\/2013\/06\/Presentacion-Aljau-0005w.jpg\" width=\"800\" height=\"429\" srcset=\"https:\/\/web.morosycristianosdeaspe.es\/wp-content\/uploads\/2013\/06\/Presentacion-Aljau-0005w.jpg 800w, https:\/\/web.morosycristianosdeaspe.es\/wp-content\/uploads\/2013\/06\/Presentacion-Aljau-0005w-300x160.jpg 300w\" sizes=\"auto, (max-width: 800px) 100vw, 800px\" \/><figcaption id=\"caption-attachment-266\" class=\"wp-caption-text\">Cargos 2013, presentadoras y mantenedora<\/figcaption><\/figure>\n<p>Tras unas palabras del Alcalde de Aspe, D. Manuel D\u00edez, el presidente de la comparsa Moros Aljau llam\u00f3 al escenario a todos los presidentes que han dirigido la comparsa durante estos 35 a\u00f1os, haci\u00e9ndoles entrega de una placa conmemorativa.<\/p>\n<p>El acto de presentaci\u00f3n tambi\u00e9n sirvi\u00f3 para mostrar el esfuerzo que la comparsa est\u00e1 realizando en la transformaci\u00f3n de la imagen de la k\u00e1bila.<\/p>\n","protected":false},"excerpt":{"rendered":"<p>El pasado s\u00e1bado 8 de Junio, la comparsa Moros Aljau present\u00f3 sus cargos festeros para este a\u00f1o 2013. En una noche, en la que Al\u00e1 no tuvo miramientos por lanzar una molesta lluvia ventosa, el acto lo abri\u00f3 un extenso v\u00eddeo que rememor\u00f3 los 35 a\u00f1os de vida de la comparsa. Le sigui\u00f3 un boato [&hellip;]<\/p>\n","protected":false},"author":1,"featured_media":0,"comment_status":"closed","ping_status":"closed","sticky":false,"template":"","format":"standard","meta":{"footnotes":""},"categories":[16,15,19],"tags":[],"class_list":["post-263","post","type-post","status-publish","format-standard","hentry","category-actos-oficiales","category-comparsas","category-moros-aljau"],"_links":{"self":[{"href":"https:\/\/web.morosycristianosdeaspe.es\/index.php?rest_route=\/wp\/v2\/posts\/263","targetHints":{"allow":["GET"]}}],"collection":[{"href":"https:\/\/web.morosycristianosdeaspe.es\/index.php?rest_route=\/wp\/v2\/posts"}],"about":[{"href":"https:\/\/web.morosycristianosdeaspe.es\/index.php?rest_route=\/wp\/v2\/types\/post"}],"author":[{"embeddable":true,"href":"https:\/\/web.morosycristianosdeaspe.es\/index.php?rest_route=\/wp\/v2\/users\/1"}],"replies":[{"embeddable":true,"href":"https:\/\/web.morosycristianosdeaspe.es\/index.php?rest_route=%2Fwp%2Fv2%2Fcomments&post=263"}],"version-history":[{"count":10,"href":"https:\/\/web.morosycristianosdeaspe.es\/index.php?rest_route=\/wp\/v2\/posts\/263\/revisions"}],"predecessor-version":[{"id":366,"href":"https:\/\/web.morosycristianosdeaspe.es\/index.php?rest_route=\/wp\/v2\/posts\/263\/revisions\/366"}],"wp:attachment":[{"href":"https:\/\/web.morosycristianosdeaspe.es\/index.php?rest_route=%2Fwp%2Fv2%2Fmedia&parent=263"}],"wp:term":[{"taxonomy":"category","embeddable":true,"href":"https:\/\/web.morosycristianosdeaspe.es\/index.php?rest_route=%2Fwp%2Fv2%2Fcategories&post=263"},{"taxonomy":"post_tag","embeddable":true,"href":"https:\/\/web.morosycristianosdeaspe.es\/index.php?rest_route=%2Fwp%2Fv2%2Ftags&post=263"}],"curies":[{"name":"wp","href":"https:\/\/api.w.org\/{rel}","templated":true}]}}