{"id":29,"date":"2013-03-04T18:40:35","date_gmt":"2013-03-04T16:40:35","guid":{"rendered":"http:\/\/noticias.morosycristianosdeaspe.es\/?p=29"},"modified":"2013-06-06T09:37:23","modified_gmt":"2013-06-06T07:37:23","slug":"senalamiento-de-comida-de-convivencia-festera-2013","status":"publish","type":"post","link":"https:\/\/web.morosycristianosdeaspe.es\/?p=29","title":{"rendered":"Se\u00f1alamiento de Comida de Convivencia Festera 2013."},"content":{"rendered":"<p>La Comida de Convivencia Festera que se realiza en el segundo trimestre de todos los a\u00f1os, este 2013 se celebrar\u00e1 en la k\u00e1bila de la Comparsa Moros Fauqu\u00edes, el pr\u00f3ximo d\u00eda <b>27 de abril.<\/b><\/p>\n<p>Este a\u00f1o, la Junta Central ha recibido tres solicitudes de comparsas para realizar en sus curtelillos\/k\u00e1bilas dicha comida, con lo que se ha procedido a realizar un sorteo para establecer el \u00f3rden donde se celebrar\u00e1n dichos eventos. As\u00ed pues, este a\u00f1o, ser\u00e1 en Moros Fauqu\u00edes, el pr\u00f3ximo a\u00f1o (2014) se realizar\u00e1 en Moros Aljau y por \u00faltimo, en 2015 se celebrar\u00e1 en <a title=\"Comparsa Moros Sulaym\u00e1n de Aspe\" href=\"http:\/\/sulayman-aspe.blogspot.com.es\/\" target=\"_blank\">Moros Sulaym\u00e1n<\/a>. El \u00f3rden ser\u00e1 c\u00edclico indefinidamente.<\/p>\n<p>Cualquier comparsa que en un futuro se quiera sumar a esta rueda para prestar su cuartelillo\/k\u00e1bila, se incorporar\u00e1 en \u00faltimo lugar.<\/p>\n","protected":false},"excerpt":{"rendered":"<p>La Comida de Convivencia Festera que se realiza en el segundo trimestre de todos los a\u00f1os, este 2013 se celebrar\u00e1 en la k\u00e1bila de la Comparsa Moros Fauqu\u00edes, el pr\u00f3ximo d\u00eda 27 de abril. Este a\u00f1o, la Junta Central ha recibido tres solicitudes de comparsas para realizar en sus curtelillos\/k\u00e1bilas dicha comida, con lo que [&hellip;]<\/p>\n","protected":false},"author":1,"featured_media":0,"comment_status":"closed","ping_status":"closed","sticky":false,"template":"","format":"standard","meta":{"footnotes":""},"categories":[3],"tags":[],"class_list":["post-29","post","type-post","status-publish","format-standard","hentry","category-noticia-general"],"_links":{"self":[{"href":"https:\/\/web.morosycristianosdeaspe.es\/index.php?rest_route=\/wp\/v2\/posts\/29","targetHints":{"allow":["GET"]}}],"collection":[{"href":"https:\/\/web.morosycristianosdeaspe.es\/index.php?rest_route=\/wp\/v2\/posts"}],"about":[{"href":"https:\/\/web.morosycristianosdeaspe.es\/index.php?rest_route=\/wp\/v2\/types\/post"}],"author":[{"embeddable":true,"href":"https:\/\/web.morosycristianosdeaspe.es\/index.php?rest_route=\/wp\/v2\/users\/1"}],"replies":[{"embeddable":true,"href":"https:\/\/web.morosycristianosdeaspe.es\/index.php?rest_route=%2Fwp%2Fv2%2Fcomments&post=29"}],"version-history":[{"count":2,"href":"https:\/\/web.morosycristianosdeaspe.es\/index.php?rest_route=\/wp\/v2\/posts\/29\/revisions"}],"predecessor-version":[{"id":258,"href":"https:\/\/web.morosycristianosdeaspe.es\/index.php?rest_route=\/wp\/v2\/posts\/29\/revisions\/258"}],"wp:attachment":[{"href":"https:\/\/web.morosycristianosdeaspe.es\/index.php?rest_route=%2Fwp%2Fv2%2Fmedia&parent=29"}],"wp:term":[{"taxonomy":"category","embeddable":true,"href":"https:\/\/web.morosycristianosdeaspe.es\/index.php?rest_route=%2Fwp%2Fv2%2Fcategories&post=29"},{"taxonomy":"post_tag","embeddable":true,"href":"https:\/\/web.morosycristianosdeaspe.es\/index.php?rest_route=%2Fwp%2Fv2%2Ftags&post=29"}],"curies":[{"name":"wp","href":"https:\/\/api.w.org\/{rel}","templated":true}]}}